{"id":268698,"date":"2025-04-10T21:18:44","date_gmt":"2025-04-10T21:18:44","guid":{"rendered":"https:\/\/ami.mr\/fr\/?p=268698"},"modified":"2025-04-10T21:18:44","modified_gmt":"2025-04-10T21:18:44","slug":"le-president-de-la-republique-recoit-les-lettres-de-creance-du-nouvel-ambassadeur-dalgerie","status":"publish","type":"post","link":"https:\/\/ami.mr\/fr\/archives\/268698","title":{"rendered":"Le Pr\u00e9sident de la R\u00e9publique re\u00e7oit les lettres de cr\u00e9ance du nouvel Ambassadeur d&#8217;Alg\u00e9rie"},"content":{"rendered":"<p>S.E. le Pr\u00e9sident de la R\u00e9publique, Mohamed Ould Cheikh El Ghazouani, a re\u00e7u, jeudi, au Palais pr\u00e9sidentiel \u00e0 Nouakchott, les lettres de cr\u00e9ance de S.E.M Amine Said, en qualit\u00e9 d&#8217;Ambassadeur extraordinaire et pl\u00e9nipotentiaire de la R\u00e9publique alg\u00e9rienne d\u00e9mocratique et populaire aupr\u00e8s de la R\u00e9publique Islamique de Mauritanie.<\/p>\n<p>A l&#8217;issue de la c\u00e9r\u00e9monie de remise des lettres de cr\u00e9ance, S.E. le Pr\u00e9sident de la R\u00e9publique a offert au diplomate alg\u00e9rien une r\u00e9ception en pr\u00e9sence de S.E. le Ministre des Affaires \u00c9trang\u00e8res, de la Coop\u00e9ration Africaine et des Mauritaniens de l&#8217;Ext\u00e9rieur, M. Mohamed Salem Ould Merzoug.<\/p>\n<p>A l&#8217;issue de l&#8217;entretien, le diplomate alg\u00e9rien a fait une d\u00e9claration \u00e0 l&#8217;Agence Mauritanienne d&#8217;Information dans laquelle il a indiqu\u00e9 qu&#8217;il a \u00e9t\u00e9 re\u00e7u aujourd&#8217;hui par S.E. le Pr\u00e9sident de la R\u00e9publique Islamique de Mauritanie Mohamed Ould Cheikh El-Ghazouani pour lui pr\u00e9senter ses lettres de cr\u00e9ance en tant qu&#8217;Ambassadeur Extraordinaire et Pl\u00e9nipotentiaire de la R\u00e9publique Alg\u00e9rienne D\u00e9mocratique et Populaire aupr\u00e8s de la R\u00e9publique Islamique de Mauritanie.<\/p>\n<p>Il a ajout\u00e9 que la rencontre lui a permis de transmettre les salutations de S.E. le Pr\u00e9sident Abdelmadjid Tebboune \u00e0 son fr\u00e8re S.E. le Pr\u00e9sident de la R\u00e9publique Mohamed Ould Cheikh El-Ghazouani, pr\u00e9cisant que l&#8217;entretien a port\u00e9 sur plusieurs points li\u00e9s \u00e0 la fraternit\u00e9, la coop\u00e9ration et la solidarit\u00e9 entre les deux pays fr\u00e8res, qui a connu ces derni\u00e8res ann\u00e9es un rythme acc\u00e9l\u00e9r\u00e9 et une grande dynamique, qualifi\u00e9e par S.E. le Pr\u00e9sident Abdelmadjid Tebboune d&#8217;excellentes et de tr\u00e8s bonnes relations, soulignant que ces relations se sont traduites au plus haut niveau et en coordination constante et continue, la derni\u00e8re en date \u00e9tant la visite d&#8217;Etat effectu\u00e9e par S.E. le Pr\u00e9sident Tebboune en Mauritanie au mois de d\u00e9cembre 2024.<\/p>\n<p>Cette volont\u00e9 s&#8217;est \u00e9galement traduite par un certain nombre de projets et de partenariats importants dans le cadre de la r\u00e9alisation de l&#8217;int\u00e9gration bilat\u00e9rale entre les deux pays fr\u00e8res et de la promotion de l&#8217;int\u00e9gration r\u00e9gionale, a-t-il dit.<\/p>\n<p>Il a indiqu\u00e9 que S.E. le Pr\u00e9sident de la R\u00e9publique l&#8217;a charg\u00e9 d\u2019\u0153uvrer \u00e0 renforcer la coordination entre les deux pays fr\u00e8res et d&#8217;aller de l&#8217;avant dans le processus de d\u00e9passement des relations bilat\u00e9rales, ajoutant qu&#8217;il a per\u00e7u de la part de S.E. le Pr\u00e9sident une convergence de visions entre lui et S.E. le Pr\u00e9sident Abdelmadjid Tebboune en ce qui concerne les relations bilat\u00e9rales.<\/p>\n<p>Il a ajout\u00e9 que cette rencontre lui a donn\u00e9 l&#8217;occasion de mettre en exergue le r\u00f4le jou\u00e9 par la Mauritanie et S.E. le Pr\u00e9sident de la R\u00e9publique lors de sa pr\u00e9sidence de l&#8217;Union africaine et son r\u00f4le distingu\u00e9 dans les diff\u00e9rents forums internationaux et r\u00e9gionaux.<\/p>\n<p>Il a exprim\u00e9 son d\u00e9sir sinc\u00e8re de renforcer les relations et de les \u00e9lever au plus haut niveau pour servir les aspirations des deux peuples fr\u00e8res et voisins, notant que les liens religieux, culturels, g\u00e9ographiques et historiques repr\u00e9sentent entre les deux pays sont solides.<\/p>\n<p>La c\u00e9r\u00e9monie de remise des lettres de cr\u00e9ance s&#8217;est d\u00e9roul\u00e9e en pr\u00e9sence de S.E. le Ministre des Affaires Etrang\u00e8res, de la Coop\u00e9ration Africaine et des Mauritaniens de l&#8217;Ext\u00e9rieur, et de M. Mohamed Al Hanchi, Ambassadeur, Directeur g\u00e9n\u00e9ral de la Coop\u00e9ration bilat\u00e9rale au Minist\u00e8re des Affaires Etrang\u00e8res.<\/p>\n<p>Outre l&#8217;Ambassadeur d&#8217;Alg\u00e9rie, \u00e9taient \u00e9galement pr\u00e9sents Son Excellence le Premier Conseiller de l&#8217;Ambassade, Mohamed Karim, et le Colonel Abdelmalek Sahli, Attach\u00e9 de D\u00e9fense.<\/p>\n","protected":false},"excerpt":{"rendered":"<p>S.E. le Pr\u00e9sident de la R\u00e9publique, Mohamed Ould Cheikh El Ghazouani, a re\u00e7u, jeudi, au Palais pr\u00e9sidentiel \u00e0 Nouakchott, les lettres de cr\u00e9ance de S.E.M Amine Said, en qualit\u00e9 d&#8217;Ambassadeur extraordinaire et pl\u00e9nipotentiaire de la R\u00e9publique alg\u00e9rienne d\u00e9mocratique et populaire aupr\u00e8s de la R\u00e9publique Islamique de Mauritanie. A l&#8217;issue de la c\u00e9r\u00e9monie de remise des [&hellip;]<\/p>\n","protected":false},"author":16,"featured_media":268699,"comment_status":"open","ping_status":"open","sticky":false,"template":"","format":"standard","meta":{"footnotes":""},"categories":[63957,63959,63921,63927],"tags":[],"class_list":["post-268698","post","type-post","status-publish","format-standard","has-post-thumbnail","hentry","category-fil-dactualite","category-mauritanie","category-slider-afficher","category-slider-mauritanie"],"_links":{"self":[{"href":"https:\/\/ami.mr\/fr\/wp-json\/wp\/v2\/posts\/268698","targetHints":{"allow":["GET"]}}],"collection":[{"href":"https:\/\/ami.mr\/fr\/wp-json\/wp\/v2\/posts"}],"about":[{"href":"https:\/\/ami.mr\/fr\/wp-json\/wp\/v2\/types\/post"}],"author":[{"embeddable":true,"href":"https:\/\/ami.mr\/fr\/wp-json\/wp\/v2\/users\/16"}],"replies":[{"embeddable":true,"href":"https:\/\/ami.mr\/fr\/wp-json\/wp\/v2\/comments?post=268698"}],"version-history":[{"count":1,"href":"https:\/\/ami.mr\/fr\/wp-json\/wp\/v2\/posts\/268698\/revisions"}],"predecessor-version":[{"id":268700,"href":"https:\/\/ami.mr\/fr\/wp-json\/wp\/v2\/posts\/268698\/revisions\/268700"}],"wp:featuredmedia":[{"embeddable":true,"href":"https:\/\/ami.mr\/fr\/wp-json\/wp\/v2\/media\/268699"}],"wp:attachment":[{"href":"https:\/\/ami.mr\/fr\/wp-json\/wp\/v2\/media?parent=268698"}],"wp:term":[{"taxonomy":"category","embeddable":true,"href":"https:\/\/ami.mr\/fr\/wp-json\/wp\/v2\/categories?post=268698"},{"taxonomy":"post_tag","embeddable":true,"href":"https:\/\/ami.mr\/fr\/wp-json\/wp\/v2\/tags?post=268698"}],"curies":[{"name":"wp","href":"https:\/\/api.w.org\/{rel}","templated":true}]}}