{"id":268674,"date":"2025-04-10T19:01:17","date_gmt":"2025-04-10T19:01:17","guid":{"rendered":"https:\/\/ami.mr\/fr\/?p=268674"},"modified":"2025-04-10T19:01:17","modified_gmt":"2025-04-10T19:01:17","slug":"le-ministre-de-leconomie-et-des-finances-expose-sur-lexperience-de-la-mauritanie-en-matiere-de-gestion-de-la-dette","status":"publish","type":"post","link":"https:\/\/ami.mr\/fr\/archives\/268674","title":{"rendered":"Le ministre de l&#8217;\u00e9conomie et des finances expose sur l&#8217;exp\u00e9rience de la Mauritanie en mati\u00e8re de gestion de la dette"},"content":{"rendered":"<p>La performance de la Mauritanie en mati\u00e8re de gestion de la dette s&#8217;est nettement am\u00e9lior\u00e9e, la dette publique ext\u00e9rieure ayant \u00e9t\u00e9 ramen\u00e9e \u00e0 40 % en 2023, tandis que la dette int\u00e9rieure reste n\u00e9gligeable, a d\u00e9clar\u00e9 le ministre de l&#8217;\u00e9conomie et des finances, M. Sid&#8217;Ahmed Ould Bouh.<\/p>\n<p>Le ministre est intervenu en tant qu&#8217;orateur principal, jeudi, lors d&#8217;un s\u00e9minaire sur l&#8217;endettement organis\u00e9 en marge des r\u00e9unions annuelles conjointes des autorit\u00e9s financi\u00e8res arabes au Kowe\u00eft.<\/p>\n<p>Il a expliqu\u00e9 que cette am\u00e9lioration est le r\u00e9sultat d&#8217;un ensemble de r\u00e9formes profondes apr\u00e8s que notre pays ait b\u00e9n\u00e9fici\u00e9 d&#8217;un all\u00e8gement de la dette, en adoptant une approche strat\u00e9gique stricte de la gestion de la dette publique, dans le but d&#8217;am\u00e9liorer la durabilit\u00e9 du budget et de minimiser les risques qui p\u00e8sent sur son portefeuille de dettes.<\/p>\n<p>Cette approche, selon le ministre, s&#8217;articule autour des axes suivants :<\/p>\n<p>&#8211; Am\u00e9liorer la s\u00e9lection et le suivi des projets financ\u00e9s par la dette et s&#8217;assurer de leur faisabilit\u00e9 \u00e9conomique et sociale.<\/p>\n<p>&#8211; Donner la priorit\u00e9 aux financements concessionnels et semi-concessionnels.<\/p>\n<p>&#8211; Renforcer les capacit\u00e9s de gestion de la dette en activant une strat\u00e9gie \u00e0 moyen terme et en am\u00e9liorant les outils d&#8217;analyse des risques.<\/p>\n<p>Il a ajout\u00e9 qu&#8217;un ensemble de politiques \u00e9conomiques harmonis\u00e9es ont \u00e9t\u00e9 mises en \u0153uvre pour am\u00e9liorer les \u00e9quilibres budg\u00e9taires par les moyens suivants :<\/p>\n<p>&#8211; L&#8217;augmentation de la mobilisation des ressources int\u00e9rieures \u00e0 travers des r\u00e9formes fiscales cibl\u00e9es et la modernisation de la gestion des recettes ;<\/p>\n<p>&#8211; La ma\u00eetrise des d\u00e9penses courantes associ\u00e9e \u00e0 la r\u00e9orientation des ressources vers les secteurs prioritaires (\u00e9ducation, sant\u00e9, infrastructures et protection sociale) ;<\/p>\n<p>&#8211; L&#8217;adoption d&#8217;un cadre budg\u00e9taire pluriannuel qui assure une programmation plus r\u00e9aliste et plus durable des finances publiques ;<\/p>\n<p>&#8211; Renforcer les m\u00e9canismes de suivi et d&#8217;\u00e9valuation et la transparence dans la gestion du budget.<\/p>\n<p>En plus de ces mesures, la Mauritanie a poursuivi d&#8217;importantes r\u00e9formes structurelles qui ont contribu\u00e9 \u00e0 la r\u00e9alisation d&#8217;une croissance \u00e9conomique plus inclusive \u00e0 travers :<\/p>\n<p>&#8211; la mise en place progressive de la loi organique sur la solidit\u00e9 financi\u00e8re avec l&#8217;introduction de la logique de performance, la budg\u00e9tisation par programme et la responsabilisation des agents publics ;<\/p>\n<p>&#8211; l&#8217;am\u00e9lioration du climat des affaires et de l&#8217;environnement des investissements ;<\/p>\n<p>&#8211; le lancement de strat\u00e9gies sectorielles dans les domaines productifs (agriculture, p\u00eache, \u00e9nergie, etc.), la num\u00e9risation des services publics et la lutte contre la corruption, en plus de nombreuses autres r\u00e9formes portant sur la gestion des finances publiques, la fiscalit\u00e9, la mobilisation des ressources int\u00e9rieures, la transformation \u00e9conomique et le renforcement de la gouvernance et de la transparence.<\/p>\n","protected":false},"excerpt":{"rendered":"<p>La performance de la Mauritanie en mati\u00e8re de gestion de la dette s&#8217;est nettement am\u00e9lior\u00e9e, la dette publique ext\u00e9rieure ayant \u00e9t\u00e9 ramen\u00e9e \u00e0 40 % en 2023, tandis que la dette int\u00e9rieure reste n\u00e9gligeable, a d\u00e9clar\u00e9 le ministre de l&#8217;\u00e9conomie et des finances, M. Sid&#8217;Ahmed Ould Bouh. Le ministre est intervenu en tant qu&#8217;orateur principal, [&hellip;]<\/p>\n","protected":false},"author":16,"featured_media":268675,"comment_status":"open","ping_status":"open","sticky":false,"template":"","format":"standard","meta":{"footnotes":""},"categories":[63920,63957,25],"tags":[],"class_list":["post-268674","post","type-post","status-publish","format-standard","has-post-thumbnail","hentry","category-a-la-une","category-fil-dactualite","category-25"],"_links":{"self":[{"href":"https:\/\/ami.mr\/fr\/wp-json\/wp\/v2\/posts\/268674","targetHints":{"allow":["GET"]}}],"collection":[{"href":"https:\/\/ami.mr\/fr\/wp-json\/wp\/v2\/posts"}],"about":[{"href":"https:\/\/ami.mr\/fr\/wp-json\/wp\/v2\/types\/post"}],"author":[{"embeddable":true,"href":"https:\/\/ami.mr\/fr\/wp-json\/wp\/v2\/users\/16"}],"replies":[{"embeddable":true,"href":"https:\/\/ami.mr\/fr\/wp-json\/wp\/v2\/comments?post=268674"}],"version-history":[{"count":1,"href":"https:\/\/ami.mr\/fr\/wp-json\/wp\/v2\/posts\/268674\/revisions"}],"predecessor-version":[{"id":268676,"href":"https:\/\/ami.mr\/fr\/wp-json\/wp\/v2\/posts\/268674\/revisions\/268676"}],"wp:featuredmedia":[{"embeddable":true,"href":"https:\/\/ami.mr\/fr\/wp-json\/wp\/v2\/media\/268675"}],"wp:attachment":[{"href":"https:\/\/ami.mr\/fr\/wp-json\/wp\/v2\/media?parent=268674"}],"wp:term":[{"taxonomy":"category","embeddable":true,"href":"https:\/\/ami.mr\/fr\/wp-json\/wp\/v2\/categories?post=268674"},{"taxonomy":"post_tag","embeddable":true,"href":"https:\/\/ami.mr\/fr\/wp-json\/wp\/v2\/tags?post=268674"}],"curies":[{"name":"wp","href":"https:\/\/api.w.org\/{rel}","templated":true}]}}