{"id":268412,"date":"2025-04-07T20:46:59","date_gmt":"2025-04-07T20:46:59","guid":{"rendered":"https:\/\/ami.mr\/fr\/?p=268412"},"modified":"2025-04-08T00:07:47","modified_gmt":"2025-04-08T00:07:47","slug":"le-ministre-des-affaires-etrangeres-participe-a-la-premiere-reunion-du-nouveau-bureau-du-conseil-executif-de-lua","status":"publish","type":"post","link":"https:\/\/ami.mr\/fr\/archives\/268412","title":{"rendered":"Le ministre des Affaires \u00e9trang\u00e8res participe \u00e0 la premi\u00e8re r\u00e9union du nouveau Bureau du Conseil ex\u00e9cutif de l\u2019UA"},"content":{"rendered":"<div class=\"row\"><\/div>\n<div class=\"row\">\n<div class=\"cell auto-size\">\n<div class=\"set-border bd-gray padding10 margin10 no-margin-right no-margin-left \" dir=\"ltr\">\n<p>Le ministre des Affaires \u00e9trang\u00e8res, de la Coop\u00e9ration africaine et des Mauritaniens de l&#8217;ext\u00e9rieur, M. Mohamed Salem Ould Merzoug, a particip\u00e9 lundi par vid\u00e9oconf\u00e9rence \u00e0 la premi\u00e8re r\u00e9union du Bureau du Conseil ex\u00e9cutif nouvellement constitu\u00e9 de l&#8217;Union africaine (UA) pour discuter de l&#8217;\u00e9lection des deux commissaires restants de la r\u00e9gion centrale. Le Conseil ex\u00e9cutif, lors de sa session ordinaire de f\u00e9vrier dernier, n&#8217;a pas pu les \u00e9lire et a d\u00e9cid\u00e9 d&#8217;ouvrir les candidatures pour ces deux postes et de tenir un Conseil ex\u00e9cutif extraordinaire avant le 15 avril pour les \u00e9lire parmi plusieurs autres \u00e9lections que le Conseil organisera lors de cette session.<\/p>\n<p>Au cours de la r\u00e9union, le ministre a soulign\u00e9 la n\u00e9cessit\u00e9 de trouver une solution consensuelle \u00e0 cette question qui satisfasse les \u00c9tats membres et soit conforme aux r\u00e8gles de proc\u00e9dure pour la s\u00e9lection des dirigeants de la Commission de l&#8217;UA sur la base de la comp\u00e9tence, de l&#8217;int\u00e9grit\u00e9 et de la transparence.<\/p>\n<p>L&#8217;assembl\u00e9e a d\u00e9cid\u00e9 de ce qui suit :<\/p>\n<p>1. Retenir les treize candidats et de ne pas rouvrir les candidatures ;<\/p>\n<p>2. Confier la r\u00e9\u00e9valuation des candidats au Comit\u00e9 des \u00e9minentes personnalit\u00e9s, assist\u00e9 d&#8217;un cabinet ind\u00e9pendant ;<\/p>\n<p>3. Convoquer un Conseil d&#8217;administration extraordinaire \u00e0 une date qui sera d\u00e9termin\u00e9e par le Conseil d&#8217;administration le 15 avril, soit le plus t\u00f4t possible et avant la session ordinaire du Conseil d&#8217;administration pr\u00e9vue en juillet.<\/p>\n<p>La r\u00e9union s&#8217;est d\u00e9roul\u00e9e en pr\u00e9sence de M. Moustapha Diakit\u00e9, ambassadeur et directeur de l&#8217;Union Africaine et des Organisations r\u00e9gionales africaines \u00e0 la direction gn\u00e9rale de la Coop\u00e9ration multilat\u00e9rale du Minist\u00e8re.<\/p>\n<\/div>\n<\/div>\n<\/div>\n","protected":false},"excerpt":{"rendered":"<p>Le ministre des Affaires \u00e9trang\u00e8res, de la Coop\u00e9ration africaine et des Mauritaniens de l&#8217;ext\u00e9rieur, M. Mohamed Salem Ould Merzoug, a particip\u00e9 lundi par vid\u00e9oconf\u00e9rence \u00e0 la premi\u00e8re r\u00e9union du Bureau du Conseil ex\u00e9cutif nouvellement constitu\u00e9 de l&#8217;Union africaine (UA) pour discuter de l&#8217;\u00e9lection des deux commissaires restants de la r\u00e9gion centrale. Le Conseil ex\u00e9cutif, lors [&hellip;]<\/p>\n","protected":false},"author":8,"featured_media":268417,"comment_status":"open","ping_status":"open","sticky":false,"template":"","format":"standard","meta":{"footnotes":""},"categories":[63920,63957,25],"tags":[],"class_list":["post-268412","post","type-post","status-publish","format-standard","has-post-thumbnail","hentry","category-a-la-une","category-fil-dactualite","category-25"],"_links":{"self":[{"href":"https:\/\/ami.mr\/fr\/wp-json\/wp\/v2\/posts\/268412","targetHints":{"allow":["GET"]}}],"collection":[{"href":"https:\/\/ami.mr\/fr\/wp-json\/wp\/v2\/posts"}],"about":[{"href":"https:\/\/ami.mr\/fr\/wp-json\/wp\/v2\/types\/post"}],"author":[{"embeddable":true,"href":"https:\/\/ami.mr\/fr\/wp-json\/wp\/v2\/users\/8"}],"replies":[{"embeddable":true,"href":"https:\/\/ami.mr\/fr\/wp-json\/wp\/v2\/comments?post=268412"}],"version-history":[{"count":1,"href":"https:\/\/ami.mr\/fr\/wp-json\/wp\/v2\/posts\/268412\/revisions"}],"predecessor-version":[{"id":268418,"href":"https:\/\/ami.mr\/fr\/wp-json\/wp\/v2\/posts\/268412\/revisions\/268418"}],"wp:featuredmedia":[{"embeddable":true,"href":"https:\/\/ami.mr\/fr\/wp-json\/wp\/v2\/media\/268417"}],"wp:attachment":[{"href":"https:\/\/ami.mr\/fr\/wp-json\/wp\/v2\/media?parent=268412"}],"wp:term":[{"taxonomy":"category","embeddable":true,"href":"https:\/\/ami.mr\/fr\/wp-json\/wp\/v2\/categories?post=268412"},{"taxonomy":"post_tag","embeddable":true,"href":"https:\/\/ami.mr\/fr\/wp-json\/wp\/v2\/tags?post=268412"}],"curies":[{"name":"wp","href":"https:\/\/api.w.org\/{rel}","templated":true}]}}