{"id":268281,"date":"2025-04-03T21:28:44","date_gmt":"2025-04-03T21:28:44","guid":{"rendered":"https:\/\/ami.mr\/fr\/?p=268281"},"modified":"2025-04-03T22:33:21","modified_gmt":"2025-04-03T22:33:21","slug":"le-president-de-la-republique-arrive-a-dakar-pour-participer-au-65eme-anniversaire-de-lindependance-du-senegal","status":"publish","type":"post","link":"https:\/\/ami.mr\/fr\/archives\/268281","title":{"rendered":"Le Pr\u00e9sident de la R\u00e9publique arrive \u00e0 Dakar pour participer au 65\u00e8me anniversaire de l&#8217;ind\u00e9pendance du S\u00e9n\u00e9gal"},"content":{"rendered":"<p>Son Excellence le Pr\u00e9sident de la R\u00e9publique, M. Mohamed Ould Cheikh El Ghazouani, est arriv\u00e9, jeudi soir dans la capitale s\u00e9n\u00e9galaise, Dakar, pour participer aux c\u00e9l\u00e9brations marquant le 65\u00e8me anniversaire de l&#8217;ind\u00e9pendance de la R\u00e9publique s\u0153ur du S\u00e9n\u00e9gal.<\/p>\n<p>Il a \u00e9t\u00e9 accueilli \u00e0 son arriv\u00e9e \u00e0 l&#8217;a\u00e9roport de Dakar par le Pr\u00e9sident du S\u00e9n\u00e9gal, Son Excellence Monsieur M. Bassiro Diomaye Faye, le G\u00e9n\u00e9ral Biroum Diop, ministre des Arm\u00e9es, M. Ousmane Kane, gouverneur de Dakar, le g\u00e9n\u00e9ral Mbaye Ciss\u00e9, chef d&#8217;\u00e9tat-major de l&#8217;Arm\u00e9e, et le g\u00e9n\u00e9ral Marthe Faye, commandant de la Gendarmerie Nationale.<\/p>\n<p>Le personnel de la mission diplomatique de notre pays \u00e0 Dakar \u00e9tait \u00e9galement \u00e0 l\u2019accueil du Chef de l\u2019\u00c9tat.<\/p>\n<p>Son Excellence Monsieur le Pr\u00e9sident de la R\u00e9publique est accompagn\u00e9 d&#8217;une importante d\u00e9l\u00e9gation comprenant :<\/p>\n<p>&#8211; Nani Ould Chrougha, ministre charg\u00e9 du Cabinet de la Pr\u00e9sidence de la R\u00e9publique ; &#8211; Mohamed Khattar Lehbib, charg\u00e9 d&#8217;Affaires de l&#8217;ambassade de notre pays \u00e0 Dakar ;<\/p>\n<p>&#8211; Ahmedou Ould Mhaimid, conseiller \u00e0 la Pr\u00e9sidence de la R\u00e9publique ;<\/p>\n<p>&#8211; Tall Ousmane, conseiller \u00e0 la Pr\u00e9sidence de la R\u00e9publique ;<\/p>\n<p>&#8211; Sidi Ould Moulaye Zeine, conseiller \u00e0 la Pr\u00e9sidence de la R\u00e9publique ;<\/p>\n<p>&#8211; Hassan Ould Ahmed, directeur g\u00e9n\u00e9ral du Protocole d&#8217;Etat.<\/p>\n","protected":false},"excerpt":{"rendered":"<p>Son Excellence le Pr\u00e9sident de la R\u00e9publique, M. Mohamed Ould Cheikh El Ghazouani, est arriv\u00e9, jeudi soir dans la capitale s\u00e9n\u00e9galaise, Dakar, pour participer aux c\u00e9l\u00e9brations marquant le 65\u00e8me anniversaire de l&#8217;ind\u00e9pendance de la R\u00e9publique s\u0153ur du S\u00e9n\u00e9gal. Il a \u00e9t\u00e9 accueilli \u00e0 son arriv\u00e9e \u00e0 l&#8217;a\u00e9roport de Dakar par le Pr\u00e9sident du S\u00e9n\u00e9gal, Son [&hellip;]<\/p>\n","protected":false},"author":16,"featured_media":268289,"comment_status":"open","ping_status":"open","sticky":false,"template":"","format":"standard","meta":{"footnotes":""},"categories":[63957,25,63921,63926],"tags":[],"class_list":["post-268281","post","type-post","status-publish","format-standard","has-post-thumbnail","hentry","category-fil-dactualite","category-25","category-slider-afficher","category-slider-general"],"_links":{"self":[{"href":"https:\/\/ami.mr\/fr\/wp-json\/wp\/v2\/posts\/268281","targetHints":{"allow":["GET"]}}],"collection":[{"href":"https:\/\/ami.mr\/fr\/wp-json\/wp\/v2\/posts"}],"about":[{"href":"https:\/\/ami.mr\/fr\/wp-json\/wp\/v2\/types\/post"}],"author":[{"embeddable":true,"href":"https:\/\/ami.mr\/fr\/wp-json\/wp\/v2\/users\/16"}],"replies":[{"embeddable":true,"href":"https:\/\/ami.mr\/fr\/wp-json\/wp\/v2\/comments?post=268281"}],"version-history":[{"count":1,"href":"https:\/\/ami.mr\/fr\/wp-json\/wp\/v2\/posts\/268281\/revisions"}],"predecessor-version":[{"id":268283,"href":"https:\/\/ami.mr\/fr\/wp-json\/wp\/v2\/posts\/268281\/revisions\/268283"}],"wp:featuredmedia":[{"embeddable":true,"href":"https:\/\/ami.mr\/fr\/wp-json\/wp\/v2\/media\/268289"}],"wp:attachment":[{"href":"https:\/\/ami.mr\/fr\/wp-json\/wp\/v2\/media?parent=268281"}],"wp:term":[{"taxonomy":"category","embeddable":true,"href":"https:\/\/ami.mr\/fr\/wp-json\/wp\/v2\/categories?post=268281"},{"taxonomy":"post_tag","embeddable":true,"href":"https:\/\/ami.mr\/fr\/wp-json\/wp\/v2\/tags?post=268281"}],"curies":[{"name":"wp","href":"https:\/\/api.w.org\/{rel}","templated":true}]}}