{"id":267978,"date":"2025-03-29T18:23:59","date_gmt":"2025-03-29T18:23:59","guid":{"rendered":"https:\/\/ami.mr\/fr\/?p=267978"},"modified":"2025-03-29T18:23:59","modified_gmt":"2025-03-29T18:23:59","slug":"le-president-du-mecanisme-visite-les-centres-daccueil-temporaire-des-migrants-clandestins-a-nouakchott","status":"publish","type":"post","link":"https:\/\/ami.mr\/fr\/archives\/267978","title":{"rendered":"Le Pr\u00e9sident du M\u00e9canisme visite les centres d&#8217;accueil temporaire des migrants clandestins \u00e0 Nouakchott"},"content":{"rendered":"<div class=\"row\"><\/div>\n<div class=\"row\">\n<div class=\"cell auto-size\">\n<div class=\"set-border bd-gray padding10 margin10 no-margin-right no-margin-left \" dir=\"ltr\">\n<p>une d\u00e9l\u00e9gation du M\u00e9canisme national de pr\u00e9vention de la torture, dirig\u00e9e par son pr\u00e9sident, Dr. El Bekaye Abdel Malick, a effectu\u00e9 une visite pr\u00e9ventive approfondie dans les centres d&#8217;accueil temporaire des migrants clandestins dans la capitale, Nouakchott. L\u2019\u00e9quipe de visite est compos\u00e9e du Pr\u00e9sident, des douze membres du M\u00e9canisme et du Secr\u00e9taire g\u00e9n\u00e9ral du M\u00e9canisme.<\/p>\n<p>La visite a comport\u00e9 un aspect officiel, puisque le Pr\u00e9sident et la d\u00e9l\u00e9gation qui l&#8217;accompagnait ont \u00e9t\u00e9 re\u00e7us dans ces centres par le Directeur G\u00e9n\u00e9ral adjoint de la S\u00e9curit\u00e9 Nationale Commissaire contr\u00f4leur Fadhily Nagi et les directeurs r\u00e9gionaux de la s\u00e9curit\u00e9 nationale dans les zones concern\u00e9es. Sur le plan technique, l\u2019\u00e9quipe du M\u00e9canisme a \u00e9t\u00e9 r\u00e9partie entre les trois centres situ\u00e9s \u00e0 Arafat, Dar Al-Naim et Sebkha.<\/p>\n<p>Au d\u00e9but de la visite pr\u00e9ventive, l&#8217;\u00e9quipe a tenu une r\u00e9union approfondie avec les autorit\u00e9s de la r\u00e9tention administrative, dirig\u00e9e par le directeur adjoint de la s\u00fbret\u00e9 nationale, le commissaire contr\u00f4leur Fadhili Naji, accompagn\u00e9 du directeur de la s\u00fbret\u00e9 r\u00e9gionale de Nouakchott Sud et du commissaire central de la police.<\/p>\n<p>Au cours de la r\u00e9union, l\u2019\u00e9quipe a re\u00e7u des explications compl\u00e8tes du Directeur g\u00e9n\u00e9ral adjoint de la s\u00e9curit\u00e9 nationale sur les aspects juridiques et administratifs de la d\u00e9tention des migrants clandestins. L&#8217;\u00e9quipe de visite du M\u00e9canisme a ensuite effectu\u00e9 une visite sur le terrain au centre pour examiner les conditions de d\u00e9tention des d\u00e9tenus, qui sont de diverses nationalit\u00e9s asiatiques, arabes et africaines, et a communiqu\u00e9 avec eux dans toutes les langues.<\/p>\n<p>La d\u00e9l\u00e9gation s&#8217;est ensuite dirig\u00e9e vers le centre d&#8217;accueil temporaire des migrants clandestins \u00e0 Dar Naim, accompagn\u00e9e du directeur g\u00e9n\u00e9ral de la S\u00fbret\u00e9 nationale, du directeur r\u00e9gional de la S\u00fbret\u00e9 de Nouakchott Nord et du commissaire supervisant le centre.<\/p>\n<p>Le Pr\u00e9sident a examin\u00e9 les conditions de d\u00e9tention des d\u00e9tenus dans le centre et a d\u00e9clar\u00e9 que l&#8217;\u00e9quipe technique multidisciplinaire du M\u00e9canisme recueillerait des informations d\u00e9taill\u00e9es sur les conditions de d\u00e9tention dans le centre. Il a demand\u00e9 aux d\u00e9tenus de coop\u00e9rer avec l&#8217;\u00e9quipe afin d&#8217;obtenir des informations compl\u00e8tes sur les conditions de d\u00e9tention des d\u00e9tenus au centre depuis leur arrestation.<\/p>\n<p>Enfin, le Pr\u00e9sident a fait une br\u00e8ve d\u00e9claration aux m\u00e9dias, promettant de fournir des informations d\u00e9taill\u00e9es apr\u00e8s le retour des \u00e9quipes de visite, par le biais d&#8217;une d\u00e9claration ou d&#8217;un communiqu\u00e9 de presse plus tard dans la journ\u00e9e.<\/p>\n<\/div>\n<\/div>\n<\/div>\n","protected":false},"excerpt":{"rendered":"<p>une d\u00e9l\u00e9gation du M\u00e9canisme national de pr\u00e9vention de la torture, dirig\u00e9e par son pr\u00e9sident, Dr. El Bekaye Abdel Malick, a effectu\u00e9 une visite pr\u00e9ventive approfondie dans les centres d&#8217;accueil temporaire des migrants clandestins dans la capitale, Nouakchott. L\u2019\u00e9quipe de visite est compos\u00e9e du Pr\u00e9sident, des douze membres du M\u00e9canisme et du Secr\u00e9taire g\u00e9n\u00e9ral du M\u00e9canisme. [&hellip;]<\/p>\n","protected":false},"author":8,"featured_media":267979,"comment_status":"open","ping_status":"open","sticky":false,"template":"","format":"standard","meta":{"footnotes":""},"categories":[63918,63957],"tags":[],"class_list":["post-267978","post","type-post","status-publish","format-standard","has-post-thumbnail","hentry","category-autres","category-fil-dactualite"],"_links":{"self":[{"href":"https:\/\/ami.mr\/fr\/wp-json\/wp\/v2\/posts\/267978","targetHints":{"allow":["GET"]}}],"collection":[{"href":"https:\/\/ami.mr\/fr\/wp-json\/wp\/v2\/posts"}],"about":[{"href":"https:\/\/ami.mr\/fr\/wp-json\/wp\/v2\/types\/post"}],"author":[{"embeddable":true,"href":"https:\/\/ami.mr\/fr\/wp-json\/wp\/v2\/users\/8"}],"replies":[{"embeddable":true,"href":"https:\/\/ami.mr\/fr\/wp-json\/wp\/v2\/comments?post=267978"}],"version-history":[{"count":1,"href":"https:\/\/ami.mr\/fr\/wp-json\/wp\/v2\/posts\/267978\/revisions"}],"predecessor-version":[{"id":267980,"href":"https:\/\/ami.mr\/fr\/wp-json\/wp\/v2\/posts\/267978\/revisions\/267980"}],"wp:featuredmedia":[{"embeddable":true,"href":"https:\/\/ami.mr\/fr\/wp-json\/wp\/v2\/media\/267979"}],"wp:attachment":[{"href":"https:\/\/ami.mr\/fr\/wp-json\/wp\/v2\/media?parent=267978"}],"wp:term":[{"taxonomy":"category","embeddable":true,"href":"https:\/\/ami.mr\/fr\/wp-json\/wp\/v2\/categories?post=267978"},{"taxonomy":"post_tag","embeddable":true,"href":"https:\/\/ami.mr\/fr\/wp-json\/wp\/v2\/tags?post=267978"}],"curies":[{"name":"wp","href":"https:\/\/api.w.org\/{rel}","templated":true}]}}