{"id":267300,"date":"2025-03-18T16:37:54","date_gmt":"2025-03-18T16:37:54","guid":{"rendered":"https:\/\/ami.mr\/fr\/?p=267300"},"modified":"2025-03-18T16:37:54","modified_gmt":"2025-03-18T16:37:54","slug":"le-commissaire-aux-droits-de-lhomme-sentretient-avec-le-representant-resident-de-lunicef","status":"publish","type":"post","link":"https:\/\/ami.mr\/fr\/archives\/267300","title":{"rendered":"Le commissaire aux droits de l&#8217;homme s&#8217;entretient avec le repr\u00e9sentant r\u00e9sident de l\u2019UNICEF"},"content":{"rendered":"<p>Le commissaire aux droits de l&#8217;homme, \u00e0 l&#8217;action humanitaire et aux relations avec la soci\u00e9t\u00e9 civile, M. Sid Ahmed Ould Bennane, a re\u00e7u mardi \u00e0 son bureau \u00e0 Nouakchott le repr\u00e9sentant r\u00e9sident du Fonds des Nations Unies pour l&#8217;enfance (UNICEF) en Mauritanie, M. K\u00e9bir Allaoui.<\/p>\n<p>La r\u00e9union a abord\u00e9 un certain nombre de questions d&#8217;int\u00e9r\u00eat commun, notamment la coop\u00e9ration dans la pr\u00e9paration des rapports et recommandations relatifs \u00e0 la Convention sur les droits de l&#8217;enfant (CDE), la promotion et le renforcement des m\u00e9canismes de protection des droits des enfants et des filles, le renforcement du cadre juridique r\u00e9gissant les droits de l&#8217;enfant, ainsi que l&#8217;examen de la mise en \u0153uvre de la Strat\u00e9gie nationale pour la promotion et la protection des droits de l&#8217;homme.<\/p>\n<p>Au cours de la r\u00e9union, le repr\u00e9sentant r\u00e9sident de l&#8217;UNICEF a salu\u00e9 les efforts importants d\u00e9ploy\u00e9s par le gouvernement mauritanien dans le domaine de l&#8217;accueil et de l&#8217;h\u00e9bergement des r\u00e9fugi\u00e9s.<\/p>\n<p>La r\u00e9union s&#8217;est d\u00e9roul\u00e9e en pr\u00e9sence du commissaire adjoint, M. Rassoul Ould El Khal, et du directeur des Droits de l&#8217;Homme, M. Sidi Mohamed Ould Cheikhna.<\/p>\n","protected":false},"excerpt":{"rendered":"<p>Le commissaire aux droits de l&#8217;homme, \u00e0 l&#8217;action humanitaire et aux relations avec la soci\u00e9t\u00e9 civile, M. Sid Ahmed Ould Bennane, a re\u00e7u mardi \u00e0 son bureau \u00e0 Nouakchott le repr\u00e9sentant r\u00e9sident du Fonds des Nations Unies pour l&#8217;enfance (UNICEF) en Mauritanie, M. K\u00e9bir Allaoui. La r\u00e9union a abord\u00e9 un certain nombre de questions d&#8217;int\u00e9r\u00eat [&hellip;]<\/p>\n","protected":false},"author":10,"featured_media":267301,"comment_status":"open","ping_status":"open","sticky":false,"template":"","format":"standard","meta":{"footnotes":""},"categories":[63918,63957,63959],"tags":[],"class_list":["post-267300","post","type-post","status-publish","format-standard","has-post-thumbnail","hentry","category-autres","category-fil-dactualite","category-mauritanie"],"_links":{"self":[{"href":"https:\/\/ami.mr\/fr\/wp-json\/wp\/v2\/posts\/267300","targetHints":{"allow":["GET"]}}],"collection":[{"href":"https:\/\/ami.mr\/fr\/wp-json\/wp\/v2\/posts"}],"about":[{"href":"https:\/\/ami.mr\/fr\/wp-json\/wp\/v2\/types\/post"}],"author":[{"embeddable":true,"href":"https:\/\/ami.mr\/fr\/wp-json\/wp\/v2\/users\/10"}],"replies":[{"embeddable":true,"href":"https:\/\/ami.mr\/fr\/wp-json\/wp\/v2\/comments?post=267300"}],"version-history":[{"count":1,"href":"https:\/\/ami.mr\/fr\/wp-json\/wp\/v2\/posts\/267300\/revisions"}],"predecessor-version":[{"id":267302,"href":"https:\/\/ami.mr\/fr\/wp-json\/wp\/v2\/posts\/267300\/revisions\/267302"}],"wp:featuredmedia":[{"embeddable":true,"href":"https:\/\/ami.mr\/fr\/wp-json\/wp\/v2\/media\/267301"}],"wp:attachment":[{"href":"https:\/\/ami.mr\/fr\/wp-json\/wp\/v2\/media?parent=267300"}],"wp:term":[{"taxonomy":"category","embeddable":true,"href":"https:\/\/ami.mr\/fr\/wp-json\/wp\/v2\/categories?post=267300"},{"taxonomy":"post_tag","embeddable":true,"href":"https:\/\/ami.mr\/fr\/wp-json\/wp\/v2\/tags?post=267300"}],"curies":[{"name":"wp","href":"https:\/\/api.w.org\/{rel}","templated":true}]}}