{"id":267208,"date":"2025-03-17T16:56:24","date_gmt":"2025-03-17T16:56:24","guid":{"rendered":"https:\/\/ami.mr\/fr\/?p=267208"},"modified":"2025-03-17T17:16:56","modified_gmt":"2025-03-17T17:16:56","slug":"le-president-de-la-republique-recoit-un-message-ecrit-de-son-homologue-senegalais-3","status":"publish","type":"post","link":"https:\/\/ami.mr\/fr\/archives\/267208","title":{"rendered":"Le Pr\u00e9sident de la R\u00e9publique re\u00e7oit la ministre s\u00e9n\u00e9galaise de l&#8217;Int\u00e9gration africaine et des Affaires \u00e9trang\u00e8res, envoy\u00e9e sp\u00e9ciale du pr\u00e9sident Bassirou Diomaye Faye"},"content":{"rendered":"<p>Le Pr\u00e9sident de la R\u00e9publique, Monsieur Mohamed Ould Cheikh El Ghazouani, a re\u00e7u en audience, lundi au Palais pr\u00e9sidentiel \u00e0 Nouakchott, la ministre s\u00e9n\u00e9galaise de l&#8217;Int\u00e9gration africaine et des Affaires \u00e9trang\u00e8res, Mme. Yassine Fall, envoy\u00e9e sp\u00e9ciale et porteuse d&#8217;un message \u00e9crit de Son Excellence Monsieur Bassirou Dioumaye Faye, Pr\u00e9sident de la R\u00e9publique s\u0153ur du S\u00e9n\u00e9gal.<\/p>\n<p>L&#8217;audience s&#8217;est d\u00e9roul\u00e9e en pr\u00e9sence du ministre, directeur de Cabinet du Pr\u00e9sident de la R\u00e9publique, M. Nani Ould Chrougha, du ministre des Affaires \u00e9trang\u00e8res, de la Coop\u00e9ration africaine et des Mauritaniens de l&#8217;Ext\u00e9rieur, M. Mohamed Salem Ould Merzoug, du conseiller \u00e0 la Pr\u00e9sidence de la R\u00e9publique, M. Mahfoudh Ould Brahim, et du directeur g\u00e9n\u00e9ral adjoint de la suret\u00e9 nationale, le commissaire Vadhili Ould Naji.<\/p>\n<p>Ont, \u00e9galement, assist\u00e9 \u00e0 l\u2019audience, outre la ministre s\u00e9n\u00e9galaise de l&#8217;Int\u00e9gration africaine et des Affaires \u00e9trang\u00e8res, le charg\u00e9 d&#8217;affaires de l&#8217;ambassade du S\u00e9n\u00e9gal \u00e0 Nouakchott, M. Diabira Fofana, l&#8217;ambassadrice Djeinaba Tour\u00e9, directrice des affaires juridiques et consulaires au minist\u00e8re de l&#8217;Int\u00e9gration africaine et des Affaires \u00e9trang\u00e8res du S\u00e9n\u00e9gal, et le commissaire Abdoul Lay, directeur de la police des fronti\u00e8res s\u00e9n\u00e9galaise.<\/p>\n","protected":false},"excerpt":{"rendered":"<p>Le Pr\u00e9sident de la R\u00e9publique, Monsieur Mohamed Ould Cheikh El Ghazouani, a re\u00e7u en audience, lundi au Palais pr\u00e9sidentiel \u00e0 Nouakchott, la ministre s\u00e9n\u00e9galaise de l&#8217;Int\u00e9gration africaine et des Affaires \u00e9trang\u00e8res, Mme. Yassine Fall, envoy\u00e9e sp\u00e9ciale et porteuse d&#8217;un message \u00e9crit de Son Excellence Monsieur Bassirou Dioumaye Faye, Pr\u00e9sident de la R\u00e9publique s\u0153ur du S\u00e9n\u00e9gal. [&hellip;]<\/p>\n","protected":false},"author":5,"featured_media":267209,"comment_status":"open","ping_status":"open","sticky":false,"template":"","format":"standard","meta":{"footnotes":""},"categories":[63957,63959,63921,63927],"tags":[],"class_list":["post-267208","post","type-post","status-publish","format-standard","has-post-thumbnail","hentry","category-fil-dactualite","category-mauritanie","category-slider-afficher","category-slider-mauritanie"],"_links":{"self":[{"href":"https:\/\/ami.mr\/fr\/wp-json\/wp\/v2\/posts\/267208","targetHints":{"allow":["GET"]}}],"collection":[{"href":"https:\/\/ami.mr\/fr\/wp-json\/wp\/v2\/posts"}],"about":[{"href":"https:\/\/ami.mr\/fr\/wp-json\/wp\/v2\/types\/post"}],"author":[{"embeddable":true,"href":"https:\/\/ami.mr\/fr\/wp-json\/wp\/v2\/users\/5"}],"replies":[{"embeddable":true,"href":"https:\/\/ami.mr\/fr\/wp-json\/wp\/v2\/comments?post=267208"}],"version-history":[{"count":2,"href":"https:\/\/ami.mr\/fr\/wp-json\/wp\/v2\/posts\/267208\/revisions"}],"predecessor-version":[{"id":267211,"href":"https:\/\/ami.mr\/fr\/wp-json\/wp\/v2\/posts\/267208\/revisions\/267211"}],"wp:featuredmedia":[{"embeddable":true,"href":"https:\/\/ami.mr\/fr\/wp-json\/wp\/v2\/media\/267209"}],"wp:attachment":[{"href":"https:\/\/ami.mr\/fr\/wp-json\/wp\/v2\/media?parent=267208"}],"wp:term":[{"taxonomy":"category","embeddable":true,"href":"https:\/\/ami.mr\/fr\/wp-json\/wp\/v2\/categories?post=267208"},{"taxonomy":"post_tag","embeddable":true,"href":"https:\/\/ami.mr\/fr\/wp-json\/wp\/v2\/tags?post=267208"}],"curies":[{"name":"wp","href":"https:\/\/api.w.org\/{rel}","templated":true}]}}