{"id":267003,"date":"2025-03-13T15:42:34","date_gmt":"2025-03-13T15:42:34","guid":{"rendered":"https:\/\/ami.mr\/fr\/?p=267003"},"modified":"2025-03-13T15:42:34","modified_gmt":"2025-03-13T15:42:34","slug":"atelier-de-collecte-de-donnees-sur-les-catastrophes-et-les-risques-dans-les-regions-de-nouadhibou-et-de-nouakchott","status":"publish","type":"post","link":"https:\/\/ami.mr\/fr\/archives\/267003","title":{"rendered":"Atelier de collecte de donn\u00e9es sur les catastrophes et les risques dans les r\u00e9gions de Nouadhibou et de Nouakchott"},"content":{"rendered":"<p>Le directeur de cabinet du wali de Dakhlet Nouadhibou, Mohamedou Moulaye Baydi, a supervis\u00e9 jeudi \u00e0 Nouadhibou l&#8217;ouverture d&#8217;un atelier de collecte de donn\u00e9es sur les risques et les catastrophes \u00e0 Nouadhibou et \u00e0 Nouakchott.<\/p>\n<p>L&#8217;atelier r\u00e9gional, organis\u00e9 par la D\u00e9l\u00e9gation g\u00e9n\u00e9rale \u00e0 la s\u00e9curit\u00e9 civile et \u00e0 la gestion des crises et le Projet r\u00e9silience Sahel, se d\u00e9roule sur deux jours.<\/p>\n<p>Dans son discours d&#8217;ouverture, le directeur de cabinet du wali a expliqu\u00e9 que le changement climatique et les catastrophes qui en d\u00e9coulent telles que les inondations, les temp\u00eates, les ouragans et les incendies constituent le plus grand d\u00e9fi pour l&#8217;humanit\u00e9 tout- enti\u00e8re.<\/p>\n<p>Il a soulign\u00e9 que la participation de ce groupe d&#8217;experts permettra d&#8217;atteindre l&#8217;objectif souhait\u00e9, \u00e0 savoir la mise en place d&#8217;une base de donn\u00e9es, qui sera la r\u00e9f\u00e9rence la plus importante \u00e0 notre disposition pour r\u00e9duire le risque de catastrophes dans notre pays.<\/p>\n<p>Le colonel Mohamed Ould Hanani, directeur de la pr\u00e9vention et du contr\u00f4le \u00e0 la D\u00e9l\u00e9gation g\u00e9n\u00e9rale \u00e0 la s\u00e9curit\u00e9 civile et \u00e0 la gestion des crises, a soulign\u00e9 que l&#8217;ampleur des pertes annuelles en vies humaines et en biens r\u00e9sultant des catastrophes impose aux instances administratives de prendre toutes les mesures pour minimiser ces pertes, une responsabilit\u00e9 que la D\u00e9l\u00e9gation g\u00e9n\u00e9rale \u00e0 la s\u00e9curit\u00e9 civile et \u00e0 la gestion des crises prend \u00e0 son compte pour prot\u00e9ger les vies et les biens.<\/p>\n<p>\u00c0 cet \u00e9gard, il a soulign\u00e9 que les informations fournies au cours de cet atelier ne manqueront pas de contribuer \u00e0 la cr\u00e9ation d&#8217;une base de donn\u00e9es nationale qui assurera un syst\u00e8me d&#8217;alerte pr\u00e9coce efficace.<\/p>\n<p>L&#8217;ouverture de l&#8217;atelier s&#8217;est d\u00e9roul\u00e9e en pr\u00e9sence du hakem mou\u00e7aid de la moughataa de Nouadhibou, de l&#8217;adjoint au maire de sa commune et du directeur r\u00e9gional de la direction g\u00e9n\u00e9rale de la s\u00e9curit\u00e9 civile et de la gestion des crises.<\/p>\n","protected":false},"excerpt":{"rendered":"<p>Le directeur de cabinet du wali de Dakhlet Nouadhibou, Mohamedou Moulaye Baydi, a supervis\u00e9 jeudi \u00e0 Nouadhibou l&#8217;ouverture d&#8217;un atelier de collecte de donn\u00e9es sur les risques et les catastrophes \u00e0 Nouadhibou et \u00e0 Nouakchott. L&#8217;atelier r\u00e9gional, organis\u00e9 par la D\u00e9l\u00e9gation g\u00e9n\u00e9rale \u00e0 la s\u00e9curit\u00e9 civile et \u00e0 la gestion des crises et le Projet [&hellip;]<\/p>\n","protected":false},"author":16,"featured_media":267004,"comment_status":"open","ping_status":"open","sticky":false,"template":"","format":"standard","meta":{"footnotes":""},"categories":[63918,63957,8672],"tags":[],"class_list":["post-267003","post","type-post","status-publish","format-standard","has-post-thumbnail","hentry","category-autres","category-fil-dactualite","category-8672"],"_links":{"self":[{"href":"https:\/\/ami.mr\/fr\/wp-json\/wp\/v2\/posts\/267003","targetHints":{"allow":["GET"]}}],"collection":[{"href":"https:\/\/ami.mr\/fr\/wp-json\/wp\/v2\/posts"}],"about":[{"href":"https:\/\/ami.mr\/fr\/wp-json\/wp\/v2\/types\/post"}],"author":[{"embeddable":true,"href":"https:\/\/ami.mr\/fr\/wp-json\/wp\/v2\/users\/16"}],"replies":[{"embeddable":true,"href":"https:\/\/ami.mr\/fr\/wp-json\/wp\/v2\/comments?post=267003"}],"version-history":[{"count":1,"href":"https:\/\/ami.mr\/fr\/wp-json\/wp\/v2\/posts\/267003\/revisions"}],"predecessor-version":[{"id":267005,"href":"https:\/\/ami.mr\/fr\/wp-json\/wp\/v2\/posts\/267003\/revisions\/267005"}],"wp:featuredmedia":[{"embeddable":true,"href":"https:\/\/ami.mr\/fr\/wp-json\/wp\/v2\/media\/267004"}],"wp:attachment":[{"href":"https:\/\/ami.mr\/fr\/wp-json\/wp\/v2\/media?parent=267003"}],"wp:term":[{"taxonomy":"category","embeddable":true,"href":"https:\/\/ami.mr\/fr\/wp-json\/wp\/v2\/categories?post=267003"},{"taxonomy":"post_tag","embeddable":true,"href":"https:\/\/ami.mr\/fr\/wp-json\/wp\/v2\/tags?post=267003"}],"curies":[{"name":"wp","href":"https:\/\/api.w.org\/{rel}","templated":true}]}}