{"id":266726,"date":"2025-03-08T22:25:47","date_gmt":"2025-03-08T22:25:47","guid":{"rendered":"https:\/\/ami.mr\/fr\/?p=266726"},"modified":"2025-03-08T22:25:47","modified_gmt":"2025-03-08T22:25:47","slug":"le-wali-du-brakna-supervise-louverture-des-activites-commemoratives-de-la-journee-internationale-de-la-femme","status":"publish","type":"post","link":"https:\/\/ami.mr\/fr\/archives\/266726","title":{"rendered":"Le wali du Brakna supervise l&#8217;ouverture des activit\u00e9s comm\u00e9moratives de la journ\u00e9e internationale de la femme"},"content":{"rendered":"<div class=\"row\"><\/div>\n<div class=\"row\">\n<div class=\"cell auto-size\">\n<div class=\"set-border bd-gray padding10 margin10 no-margin-right no-margin-left \" dir=\"ltr\">\n<p>Le Wali du Brakna, M. Mohamed Ould Saleck, en compagnie du hakem de la moughataa d\u2019Aleg, M. Mohamed Ould El Hossein Ould Ajeh, a supervis\u00e9, samedi, dans les locaux de l&#8217;administration r\u00e9gionale du minist\u00e8re de l&#8217;Action sociale, de l&#8217;Enfance et de la Famille \u00e0 Aleg, l&#8217;ouverture des activit\u00e9s comm\u00e9moratives de la journ\u00e9e internationale de la femme, c\u00e9l\u00e9br\u00e9e cette ann\u00e9e sous le th\u00e8me \u00ab L&#8217;autonomisation des femmes et des filles, un outil s\u00fbr pour le d\u00e9veloppement \u00bb.<\/p>\n<p>Dans une allocution prononc\u00e9e \u00e0 cette occasion, le wali a rappel\u00e9 que Son Excellence le Pr\u00e9sident de la R\u00e9publique Monsieur Mohamed Ould Cheikh El Ghazouani a consacr\u00e9 la plupart de ses programmes de d\u00e9veloppement et de ses discours \u00e0 l&#8217;autonomisation des femmes et au renforcement de leur r\u00f4le dans l&#8217;\u00e9dification d&#8217;une soci\u00e9t\u00e9 o\u00f9 leurs droits sont prot\u00e9g\u00e9s et leur dignit\u00e9 pr\u00e9serv\u00e9e, ce que le gouvernement, sous la coordination du Premier ministre, M. El Moctar Ould Djay a traduit dans la r\u00e9alit\u00e9 \u00e0 travers des politiques et des programmes qui renforcent leur pr\u00e9sence dans les diff\u00e9rents secteurs.<\/p>\n<p>Pour sa part, la directrice r\u00e9gionale du minist\u00e8re de l&#8217;Action sociale, de l&#8217;Enfance et de la Famille dans la wilaya du Brakna , Mme Toutou Mint Yacoub, a pass\u00e9 en revue les diff\u00e9rentes r\u00e9alisations et les projets mis en \u0153uvre par le secteur de l&#8217;Action sociale, de l&#8217;Enfance et de la Famille dans toutes les moughataas du Brakna.<\/p>\n<\/div>\n<\/div>\n<\/div>\n","protected":false},"excerpt":{"rendered":"<p>Le Wali du Brakna, M. Mohamed Ould Saleck, en compagnie du hakem de la moughataa d\u2019Aleg, M. Mohamed Ould El Hossein Ould Ajeh, a supervis\u00e9, samedi, dans les locaux de l&#8217;administration r\u00e9gionale du minist\u00e8re de l&#8217;Action sociale, de l&#8217;Enfance et de la Famille \u00e0 Aleg, l&#8217;ouverture des activit\u00e9s comm\u00e9moratives de la journ\u00e9e internationale de la [&hellip;]<\/p>\n","protected":false},"author":8,"featured_media":266727,"comment_status":"open","ping_status":"open","sticky":false,"template":"","format":"standard","meta":{"footnotes":""},"categories":[63918,63957],"tags":[],"class_list":["post-266726","post","type-post","status-publish","format-standard","has-post-thumbnail","hentry","category-autres","category-fil-dactualite"],"_links":{"self":[{"href":"https:\/\/ami.mr\/fr\/wp-json\/wp\/v2\/posts\/266726","targetHints":{"allow":["GET"]}}],"collection":[{"href":"https:\/\/ami.mr\/fr\/wp-json\/wp\/v2\/posts"}],"about":[{"href":"https:\/\/ami.mr\/fr\/wp-json\/wp\/v2\/types\/post"}],"author":[{"embeddable":true,"href":"https:\/\/ami.mr\/fr\/wp-json\/wp\/v2\/users\/8"}],"replies":[{"embeddable":true,"href":"https:\/\/ami.mr\/fr\/wp-json\/wp\/v2\/comments?post=266726"}],"version-history":[{"count":1,"href":"https:\/\/ami.mr\/fr\/wp-json\/wp\/v2\/posts\/266726\/revisions"}],"predecessor-version":[{"id":266728,"href":"https:\/\/ami.mr\/fr\/wp-json\/wp\/v2\/posts\/266726\/revisions\/266728"}],"wp:featuredmedia":[{"embeddable":true,"href":"https:\/\/ami.mr\/fr\/wp-json\/wp\/v2\/media\/266727"}],"wp:attachment":[{"href":"https:\/\/ami.mr\/fr\/wp-json\/wp\/v2\/media?parent=266726"}],"wp:term":[{"taxonomy":"category","embeddable":true,"href":"https:\/\/ami.mr\/fr\/wp-json\/wp\/v2\/categories?post=266726"},{"taxonomy":"post_tag","embeddable":true,"href":"https:\/\/ami.mr\/fr\/wp-json\/wp\/v2\/tags?post=266726"}],"curies":[{"name":"wp","href":"https:\/\/api.w.org\/{rel}","templated":true}]}}