{"id":266722,"date":"2025-03-08T22:07:14","date_gmt":"2025-03-08T22:07:14","guid":{"rendered":"https:\/\/ami.mr\/fr\/?p=266722"},"modified":"2025-03-08T22:07:14","modified_gmt":"2025-03-08T22:07:14","slug":"cloture-de-la-saison-touristique-2024-2025-en-adrar","status":"publish","type":"post","link":"https:\/\/ami.mr\/fr\/archives\/266722","title":{"rendered":"Cl\u00f4ture de la saison touristique 2024-2025 en Adrar"},"content":{"rendered":"<div class=\"row\">\n<div class=\"cell auto-size bd-gray\" dir=\"ltr\"><\/div>\n<\/div>\n<div class=\"row\">\n<div class=\"cell auto-size\">\n<div class=\"set-border bd-gray padding10 margin10 no-margin-right no-margin-left \" dir=\"ltr\">\n<p><img decoding=\"async\" class=\" wp-image-266723 alignleft\" src=\"https:\/\/ami.mr\/fr\/wp-content\/uploads\/2025\/03\/08-03-2025-s0017-300x184.jpg\" alt=\"\" width=\"277\" height=\"170\" srcset=\"https:\/\/ami.mr\/fr\/wp-content\/uploads\/2025\/03\/08-03-2025-s0017-300x184.jpg 300w, https:\/\/ami.mr\/fr\/wp-content\/uploads\/2025\/03\/08-03-2025-s0017.jpg 758w\" sizes=\"(max-width: 277px) 100vw, 277px\" \/><\/p>\n<p>Le wali adjoint de l&#8217;Adrar, M. Sidi Mohamed Ould Souilem, a supervis\u00e9 samedi \u00e0 l&#8217;a\u00e9roport international d&#8217;Atar, la cl\u00f4ture de la saison touristique 2025, avec l&#8217;accueil du douzi\u00e8me vol transportant 24 touristes.<\/p>\n<p>Dans une d\u00e9claration \u00e0 cette occasion, l&#8217;adjoint au wali a soulign\u00e9 que la saison touristique 2024-2025 a \u00e9t\u00e9 une grande r\u00e9ussite, contribuant \u00e0 la relance du d\u00e9veloppement local conform\u00e9ment aux hautes instructions du Pr\u00e9sident de la R\u00e9publique, SOn Excellence Monsieur Mohamed Ould Cheikh El Ghazouani.<\/p>\n<p>Il a ajout\u00e9 que l&#8217;arriv\u00e9e de plus de 1500 touristes cette ann\u00e9e d\u00e9montre le succ\u00e8s de la politique du gouvernement visant \u00e0 promouvoir le tourisme et \u00e0 en faire la locomotive du d\u00e9veloppement local dans la wilaya.<\/p>\n<p>Il a exprim\u00e9 ses sinc\u00e8res remerciements aux acteurs du tourisme pour leurs efforts visant \u00e0 faciliter les conditions g\u00e9n\u00e9rales de s\u00e9jour pour les touristes, y compris l&#8217;h\u00e9bergement, l&#8217;hospitalit\u00e9, le transport, les services de qualit\u00e9 et le bon traitement.<\/p>\n<p>Pour sa part, le D\u00e9l\u00e9gu\u00e9 R\u00e9gional de l&#8217;Office National du Tourisme au niveau de la wilaya, M. Cheikh Maalaininein Ould Cheikh Saadbouh, a exprim\u00e9 sa satisfaction quant aux r\u00e9sultats positifs de cette saison touristique, expliquant que ce succ\u00e8s s&#8217;inscrit dans le cadre des hautes instructions du Pr\u00e9sident de la R\u00e9publique visant \u00e0 mettre en exergue la valeur touristique de notre pays, notamment \u00e0 la lumi\u00e8re de sa s\u00e9curit\u00e9, de sa stabilit\u00e9 et de sa diversit\u00e9 culturelle.<\/p>\n<p>M. Esselmou Ould Chergui, vice-pr\u00e9sident de la F\u00e9d\u00e9ration nationale du tourisme en Adrar, a salu\u00e9 les efforts du gouvernement du Premier ministre, M. El Moctar Ould Djay \u00e0 cet \u00e9gard, appelant \u00e0 la n\u00e9cessit\u00e9 de programmer un soutien suppl\u00e9mentaire \u00e0 ces voyages et d&#8217;en augmenter le nombre \u00e0 l&#8217;avenir.<\/p>\n<p>La manifestation s&#8217;est d\u00e9roul\u00e9e en pr\u00e9sence de l&#8217;adjoint du hakem de la moughataa d&#8217;Atar et des repr\u00e9sentants de la soci\u00e9t\u00e9 des a\u00e9roports mauritaniens, de la soci\u00e9t\u00e9 de l&#8217;aviation civile, de la gendarmerie, de la police, de la douane et de l&#8217;\u00e9tat civil.<\/p>\n<\/div>\n<\/div>\n<\/div>\n","protected":false},"excerpt":{"rendered":"<p>Le wali adjoint de l&#8217;Adrar, M. Sidi Mohamed Ould Souilem, a supervis\u00e9 samedi \u00e0 l&#8217;a\u00e9roport international d&#8217;Atar, la cl\u00f4ture de la saison touristique 2025, avec l&#8217;accueil du douzi\u00e8me vol transportant 24 touristes. Dans une d\u00e9claration \u00e0 cette occasion, l&#8217;adjoint au wali a soulign\u00e9 que la saison touristique 2024-2025 a \u00e9t\u00e9 une grande r\u00e9ussite, contribuant \u00e0 [&hellip;]<\/p>\n","protected":false},"author":8,"featured_media":266724,"comment_status":"open","ping_status":"open","sticky":false,"template":"","format":"standard","meta":{"footnotes":""},"categories":[63918,63957],"tags":[],"class_list":["post-266722","post","type-post","status-publish","format-standard","has-post-thumbnail","hentry","category-autres","category-fil-dactualite"],"_links":{"self":[{"href":"https:\/\/ami.mr\/fr\/wp-json\/wp\/v2\/posts\/266722","targetHints":{"allow":["GET"]}}],"collection":[{"href":"https:\/\/ami.mr\/fr\/wp-json\/wp\/v2\/posts"}],"about":[{"href":"https:\/\/ami.mr\/fr\/wp-json\/wp\/v2\/types\/post"}],"author":[{"embeddable":true,"href":"https:\/\/ami.mr\/fr\/wp-json\/wp\/v2\/users\/8"}],"replies":[{"embeddable":true,"href":"https:\/\/ami.mr\/fr\/wp-json\/wp\/v2\/comments?post=266722"}],"version-history":[{"count":1,"href":"https:\/\/ami.mr\/fr\/wp-json\/wp\/v2\/posts\/266722\/revisions"}],"predecessor-version":[{"id":266725,"href":"https:\/\/ami.mr\/fr\/wp-json\/wp\/v2\/posts\/266722\/revisions\/266725"}],"wp:featuredmedia":[{"embeddable":true,"href":"https:\/\/ami.mr\/fr\/wp-json\/wp\/v2\/media\/266724"}],"wp:attachment":[{"href":"https:\/\/ami.mr\/fr\/wp-json\/wp\/v2\/media?parent=266722"}],"wp:term":[{"taxonomy":"category","embeddable":true,"href":"https:\/\/ami.mr\/fr\/wp-json\/wp\/v2\/categories?post=266722"},{"taxonomy":"post_tag","embeddable":true,"href":"https:\/\/ami.mr\/fr\/wp-json\/wp\/v2\/tags?post=266722"}],"curies":[{"name":"wp","href":"https:\/\/api.w.org\/{rel}","templated":true}]}}