{"id":266616,"date":"2025-03-07T16:15:22","date_gmt":"2025-03-07T16:15:22","guid":{"rendered":"https:\/\/ami.mr\/fr\/?p=266616"},"modified":"2025-03-07T18:01:27","modified_gmt":"2025-03-07T18:01:27","slug":"nema-le-wali-du-hodh-chargui-rencontre-les-syndicats-des-commercants","status":"publish","type":"post","link":"https:\/\/ami.mr\/fr\/archives\/266616","title":{"rendered":"N\u00e9ma : Le wali du Hodh Chargui rencontre les syndicats des commer\u00e7ants"},"content":{"rendered":"<p>Le wali du Hodh Chargui, M. Isselmou Ould Sidi, a tenu, vendredi, une r\u00e9union dans les locaux de la wilaya, \u00e0 laquelle ont pris part, outre le pr\u00e9sident de la r\u00e9gion et les autorit\u00e9s administratives et s\u00e9curitaires, les repr\u00e9sentants des associations des commer\u00e7ants de N\u00e9ma.<\/p>\n<p>La r\u00e9union visait \u00e0 mettre l&#8217;accent sur la n\u00e9cessit\u00e9 d&#8217;adh\u00e9rer aux mesures visant \u00e0 assurer la disponibilit\u00e9 des biens et des marchandises tout au long du mois sacr\u00e9 du Ramadan.<\/p>\n<p>Au cours de la r\u00e9union, le Wali a soulign\u00e9 la n\u00e9cessit\u00e9 d&#8217;adh\u00e9rer aux instructions re\u00e7ues des autorit\u00e9s concern\u00e9es par le secteur, de respecter les r\u00e8glements et les lois r\u00e9gissant le domaine, de surveiller les march\u00e9s, de contr\u00f4ler les prix et de s&#8217;y conformer pleinement.<\/p>\n<p>Il a ajout\u00e9 que le mois sacr\u00e9 du Ramadan n\u00e9cessite un suivi particulier afin de fournir tous les besoins du Ramadan, soulignant que les f\u00e9d\u00e9rations sont le principal partenaire des autorit\u00e9s publiques, et ce sont elles qui supportent le fardeau de la mise en \u0153uvre de cette tendance visant \u00e0 fournir tous les besoins du Ramadan \u00e0 des prix abordables pour tous.<\/p>\n<p>La r\u00e9union s&#8217;est d\u00e9roul\u00e9e en pr\u00e9sence de M. Boullah Ould Sidi Mohamed, hakem de N\u00e9ma, du maire de la commune et des responsables des services r\u00e9gionaux concern\u00e9s.<\/p>\n","protected":false},"excerpt":{"rendered":"<p>Le wali du Hodh Chargui, M. Isselmou Ould Sidi, a tenu, vendredi, une r\u00e9union dans les locaux de la wilaya, \u00e0 laquelle ont pris part, outre le pr\u00e9sident de la r\u00e9gion et les autorit\u00e9s administratives et s\u00e9curitaires, les repr\u00e9sentants des associations des commer\u00e7ants de N\u00e9ma. La r\u00e9union visait \u00e0 mettre l&#8217;accent sur la n\u00e9cessit\u00e9 d&#8217;adh\u00e9rer [&hellip;]<\/p>\n","protected":false},"author":10,"featured_media":266629,"comment_status":"open","ping_status":"open","sticky":false,"template":"","format":"standard","meta":{"footnotes":""},"categories":[63918,63957,8672],"tags":[],"class_list":["post-266616","post","type-post","status-publish","format-standard","has-post-thumbnail","hentry","category-autres","category-fil-dactualite","category-8672"],"_links":{"self":[{"href":"https:\/\/ami.mr\/fr\/wp-json\/wp\/v2\/posts\/266616","targetHints":{"allow":["GET"]}}],"collection":[{"href":"https:\/\/ami.mr\/fr\/wp-json\/wp\/v2\/posts"}],"about":[{"href":"https:\/\/ami.mr\/fr\/wp-json\/wp\/v2\/types\/post"}],"author":[{"embeddable":true,"href":"https:\/\/ami.mr\/fr\/wp-json\/wp\/v2\/users\/10"}],"replies":[{"embeddable":true,"href":"https:\/\/ami.mr\/fr\/wp-json\/wp\/v2\/comments?post=266616"}],"version-history":[{"count":1,"href":"https:\/\/ami.mr\/fr\/wp-json\/wp\/v2\/posts\/266616\/revisions"}],"predecessor-version":[{"id":266618,"href":"https:\/\/ami.mr\/fr\/wp-json\/wp\/v2\/posts\/266616\/revisions\/266618"}],"wp:featuredmedia":[{"embeddable":true,"href":"https:\/\/ami.mr\/fr\/wp-json\/wp\/v2\/media\/266629"}],"wp:attachment":[{"href":"https:\/\/ami.mr\/fr\/wp-json\/wp\/v2\/media?parent=266616"}],"wp:term":[{"taxonomy":"category","embeddable":true,"href":"https:\/\/ami.mr\/fr\/wp-json\/wp\/v2\/categories?post=266616"},{"taxonomy":"post_tag","embeddable":true,"href":"https:\/\/ami.mr\/fr\/wp-json\/wp\/v2\/tags?post=266616"}],"curies":[{"name":"wp","href":"https:\/\/api.w.org\/{rel}","templated":true}]}}