{"id":266607,"date":"2025-03-07T15:50:19","date_gmt":"2025-03-07T15:50:19","guid":{"rendered":"https:\/\/ami.mr\/fr\/?p=266607"},"modified":"2025-03-07T15:50:19","modified_gmt":"2025-03-07T15:50:19","slug":"le-sjm-lance-la-4eme-edition-deyadi-el-kheir-au-profit-des-familles-de-journalistes-disparus","status":"publish","type":"post","link":"https:\/\/ami.mr\/fr\/archives\/266607","title":{"rendered":"Le SJM lance la 4\u00e8me \u00e9dition d&#8217;\u2018\u2019Eyadi El Kheir\u2019\u2019 au profit des familles de journalistes disparus"},"content":{"rendered":"<p>Le Syndicat des journalistes mauritaniens (SJM) a lanc\u00e9, mercredi \u00e0 Nouakchott, la quatri\u00e8me \u00e9dition de \u2018\u2019Eyadi El kheir\u2019\u2019, une campagne organis\u00e9e chaque ann\u00e9e pendant le mois de Ramadan pour collecter des dons en faveur des familles de certains journalistes disparus.<\/p>\n<p>\u00c0 travers cette op\u00e9ration, le syndicat vise \u00e0 apporter de la joie aux enfants et aux veuves de ces journalistes, pendant le mois de la mis\u00e9ricorde et du pardon.<\/p>\n<p>Le Syndicat des journalistes a appel\u00e9 tous les membres du 4\u00e8me pouvoir \u00e0 saisir l&#8217;occasion pour r\u00e9colter davantage de r\u00e9compense et \u00e0 s&#8217;inspirer des significations de la bont\u00e9 et de la d\u00e9pense en ce mois b\u00e9ni en faisant un don aux veuves et aux enfants qui ont perdu ceux s\u2019en occupaient, en leur apportant joie et plaisir dans les dix derniers jours du mois de g\u00e9n\u00e9rosit\u00e9 et de don, le mois b\u00e9ni du Ramadan.<\/p>\n<p>Depuis trois ans, le SJM a pris l\u2019habitude de distribuer le produit de sa campagne au cours des dix derniers jours du mois b\u00e9ni au cours d\u2019un rencontre organis\u00e9e \u00e0 cet effet.<\/p>\n","protected":false},"excerpt":{"rendered":"<p>Le Syndicat des journalistes mauritaniens (SJM) a lanc\u00e9, mercredi \u00e0 Nouakchott, la quatri\u00e8me \u00e9dition de \u2018\u2019Eyadi El kheir\u2019\u2019, une campagne organis\u00e9e chaque ann\u00e9e pendant le mois de Ramadan pour collecter des dons en faveur des familles de certains journalistes disparus. \u00c0 travers cette op\u00e9ration, le syndicat vise \u00e0 apporter de la joie aux enfants et [&hellip;]<\/p>\n","protected":false},"author":16,"featured_media":266608,"comment_status":"open","ping_status":"open","sticky":false,"template":"","format":"standard","meta":{"footnotes":""},"categories":[63918,63957,8672],"tags":[],"class_list":["post-266607","post","type-post","status-publish","format-standard","has-post-thumbnail","hentry","category-autres","category-fil-dactualite","category-8672"],"_links":{"self":[{"href":"https:\/\/ami.mr\/fr\/wp-json\/wp\/v2\/posts\/266607","targetHints":{"allow":["GET"]}}],"collection":[{"href":"https:\/\/ami.mr\/fr\/wp-json\/wp\/v2\/posts"}],"about":[{"href":"https:\/\/ami.mr\/fr\/wp-json\/wp\/v2\/types\/post"}],"author":[{"embeddable":true,"href":"https:\/\/ami.mr\/fr\/wp-json\/wp\/v2\/users\/16"}],"replies":[{"embeddable":true,"href":"https:\/\/ami.mr\/fr\/wp-json\/wp\/v2\/comments?post=266607"}],"version-history":[{"count":1,"href":"https:\/\/ami.mr\/fr\/wp-json\/wp\/v2\/posts\/266607\/revisions"}],"predecessor-version":[{"id":266609,"href":"https:\/\/ami.mr\/fr\/wp-json\/wp\/v2\/posts\/266607\/revisions\/266609"}],"wp:featuredmedia":[{"embeddable":true,"href":"https:\/\/ami.mr\/fr\/wp-json\/wp\/v2\/media\/266608"}],"wp:attachment":[{"href":"https:\/\/ami.mr\/fr\/wp-json\/wp\/v2\/media?parent=266607"}],"wp:term":[{"taxonomy":"category","embeddable":true,"href":"https:\/\/ami.mr\/fr\/wp-json\/wp\/v2\/categories?post=266607"},{"taxonomy":"post_tag","embeddable":true,"href":"https:\/\/ami.mr\/fr\/wp-json\/wp\/v2\/tags?post=266607"}],"curies":[{"name":"wp","href":"https:\/\/api.w.org\/{rel}","templated":true}]}}