{"id":266604,"date":"2025-03-07T15:34:37","date_gmt":"2025-03-07T15:34:37","guid":{"rendered":"https:\/\/ami.mr\/fr\/?p=266604"},"modified":"2025-03-07T15:34:37","modified_gmt":"2025-03-07T15:34:37","slug":"coup-denvoi-de-la-saison-des-activites-liees-au-ramadan-a-selibabi","status":"publish","type":"post","link":"https:\/\/ami.mr\/fr\/archives\/266604","title":{"rendered":"Coup d&#8217;envoi de la saison des activit\u00e9s li\u00e9es au Ramadan \u00e0 S\u00e9libabi"},"content":{"rendered":"<p>Le wali du Guidimakha, M. Ahmed Ould Mohamed Mahmoud Ould Dieh, a supervis\u00e9, jeudi \u00e0 S\u00e9libabi, le lancement des activit\u00e9s li\u00e9es au mois b\u00e9ni du Ramadan, consistant \u00e0 organiser des conf\u00e9rences sur des sujets int\u00e9ressant la population.<\/p>\n<p>Au cours de la c\u00e9r\u00e9monie, le directeur r\u00e9gional des affaires islamiques, M. El Hafedh Ould Ahmed Ould Emmine, a fait une pr\u00e9sentation sur l&#8217;importance de ce mois b\u00e9ni, au cours duquel les \u0153uvres sont multipli\u00e9es par deux, comprenant une nuit meilleure que mille mois.<\/p>\n<p>M. Sid Brahim Baba Ahmed, chef de la branche S\u00e9libabi de l&#8217;Union des Imams et oul\u00e9mas Mauritaniens, a fait une pr\u00e9sentation sur le danger des stup\u00e9fiants, des substances psychotropes, mettant l\u2019accent sur leurs effets sur l&#8217;esprit, ajoutant que l&#8217;alcool est la m\u00e8re du mal car la perte de la raison peut conduire \u00e0 toutes sortes de crimes.<\/p>\n<p>Il a appel\u00e9 les citoyens \u00e0 coop\u00e9rer avec les autorit\u00e9s locales dans tout ce qui sert l&#8217;int\u00e9r\u00eat g\u00e9n\u00e9ral, en particulier, la s\u00e9curit\u00e9 et la stabilit\u00e9, en particulier, dans le domaine de la lutte contre les drogues et les substances psychotropes qui corrompent les jeunes et les conduisent \u00e0 de nombreux labyrinthes dangereux, tels que la toxicomanie et la propagation du vice et du crime organis\u00e9, des comportements destructeurs de la soci\u00e9t\u00e9, la s\u00e9curit\u00e9 et la tranquillit\u00e9.<\/p>\n<p>La r\u00e9union s&#8217;est d\u00e9roul\u00e9e en pr\u00e9sence du vice-pr\u00e9sident du conseil r\u00e9gional, du hakem de S\u00e9libabi, de l&#8217;imam de l&#8217;ancienne mosqu\u00e9e et des autorit\u00e9s militaires et s\u00e9curitaires.<\/p>\n","protected":false},"excerpt":{"rendered":"<p>Le wali du Guidimakha, M. Ahmed Ould Mohamed Mahmoud Ould Dieh, a supervis\u00e9, jeudi \u00e0 S\u00e9libabi, le lancement des activit\u00e9s li\u00e9es au mois b\u00e9ni du Ramadan, consistant \u00e0 organiser des conf\u00e9rences sur des sujets int\u00e9ressant la population. Au cours de la c\u00e9r\u00e9monie, le directeur r\u00e9gional des affaires islamiques, M. El Hafedh Ould Ahmed Ould Emmine, [&hellip;]<\/p>\n","protected":false},"author":16,"featured_media":266605,"comment_status":"open","ping_status":"open","sticky":false,"template":"","format":"standard","meta":{"footnotes":""},"categories":[63918,63957,8672],"tags":[],"class_list":["post-266604","post","type-post","status-publish","format-standard","has-post-thumbnail","hentry","category-autres","category-fil-dactualite","category-8672"],"_links":{"self":[{"href":"https:\/\/ami.mr\/fr\/wp-json\/wp\/v2\/posts\/266604","targetHints":{"allow":["GET"]}}],"collection":[{"href":"https:\/\/ami.mr\/fr\/wp-json\/wp\/v2\/posts"}],"about":[{"href":"https:\/\/ami.mr\/fr\/wp-json\/wp\/v2\/types\/post"}],"author":[{"embeddable":true,"href":"https:\/\/ami.mr\/fr\/wp-json\/wp\/v2\/users\/16"}],"replies":[{"embeddable":true,"href":"https:\/\/ami.mr\/fr\/wp-json\/wp\/v2\/comments?post=266604"}],"version-history":[{"count":1,"href":"https:\/\/ami.mr\/fr\/wp-json\/wp\/v2\/posts\/266604\/revisions"}],"predecessor-version":[{"id":266606,"href":"https:\/\/ami.mr\/fr\/wp-json\/wp\/v2\/posts\/266604\/revisions\/266606"}],"wp:featuredmedia":[{"embeddable":true,"href":"https:\/\/ami.mr\/fr\/wp-json\/wp\/v2\/media\/266605"}],"wp:attachment":[{"href":"https:\/\/ami.mr\/fr\/wp-json\/wp\/v2\/media?parent=266604"}],"wp:term":[{"taxonomy":"category","embeddable":true,"href":"https:\/\/ami.mr\/fr\/wp-json\/wp\/v2\/categories?post=266604"},{"taxonomy":"post_tag","embeddable":true,"href":"https:\/\/ami.mr\/fr\/wp-json\/wp\/v2\/tags?post=266604"}],"curies":[{"name":"wp","href":"https:\/\/api.w.org\/{rel}","templated":true}]}}