{"id":266578,"date":"2025-03-07T13:22:24","date_gmt":"2025-03-07T13:22:24","guid":{"rendered":"https:\/\/ami.mr\/fr\/?p=266578"},"modified":"2025-03-07T13:22:24","modified_gmt":"2025-03-07T13:22:24","slug":"coup-denvoi-a-la-mecque-de-la-conference-internationale-construire-des-ponts-entre-les-doctrines-islamiques","status":"publish","type":"post","link":"https:\/\/ami.mr\/fr\/archives\/266578","title":{"rendered":"Coup d&#8217;envoi \u00e0 La Mecque de la conf\u00e9rence internationale &#8221;construire des ponts entre les doctrines islamiques&#8221;"},"content":{"rendered":"<div class=\"cell auto-size\">\n<div class=\"set-border bd-gray padding10 margin10 no-margin-right no-margin-left \" dir=\"ltr\">\n<p>Lancement, vendredi \u00e0 la Mecque, Sous le patronage du Serviteur des Lieux Saints, le roi Selman ben Abdelaziz Al Saoud, de la Conf\u00e9rence internationale sous le th\u00e8me : \u2018\u2019construire des ponts entre les doctrines islamiques\u2019\u2019, organis\u00e9e par la Ligue islamique mondiale, avec la participation de hauts muftis et d&#8217;\u00e9rudits de la nationale islamique de tous les rites et \u00e9coles de plus de 90 pays.<\/p>\n<p>Cette deuxi\u00e8me \u00e9dition de la conf\u00e9rence, organis\u00e9e par la Ligue islamique mondiale sous le th\u00e8me : \u2018\u2019vers une alliance islamique efficace\u2019\u2019, repr\u00e9sente un pas en avant sur le chemin de la familiarit\u00e9 islamique, vers une efficacit\u00e9 qui va au-del\u00e0 des dialogues repris \u00e0 tout moment, pour d\u00e9velopper des programmes pratiques pour la construction de ponts entre les doctrines islamiques, en coordonnant les positions pour faire face aux d\u00e9fis et aux risques communs et mettre en place un syst\u00e8me mat\u00e9rialis\u00e9 dans des initiatives et des projets qui consolident l&#8217;approche de la mod\u00e9ration, et r\u00e9futent le discours et les pratiques du sectarisme.<\/p>\n<p>La conf\u00e9rence a d\u00e9but\u00e9 par un discours de Son \u00c9minence le Grand Mufti du Royaume d&#8217;Arabie saoudite, Cheikh Abdelaziz Al-Cheikh, dans lequel il a soulign\u00e9 la grande responsabilit\u00e9 des \u00e9rudits, des penseurs et des intellectuels du monde islamique, d&#8217;\u00e9lever la voix de la sagesse qui pr\u00e9serve l&#8217;unit\u00e9 de la nation et aborde ses probl\u00e8mes et ses questions, appelant \u00e0 \u2018\u2019la voix de la raison, qui affronte les crises, pr\u00e9vaut et remet les choses en ordre\u2019\u2019.<\/p>\n<p>Il a soulign\u00e9 que \u2018\u2019les probl\u00e8mes et les tribulations du monde islamique devraient servir de tremplin pour souder les rangs et &#8216;\u00e9viter l&#8217;\u00e9change d&#8217;accusations, de projections et de polarisations\u2019\u2019, indiquant qu&#8217;\u2019\u2019il est de notre devoir, par bont\u00e9 envers les musulmans et leur unit\u00e9, de renforcer la relation, d&#8217;\u00e9tablir la confiance et de consolider les liens de fraternit\u00e9\u2019\u2019.<\/p>\n<p>Le Grand mufti a ajout\u00e9 que \u2018\u2019lorsque les soup\u00e7ons sont expos\u00e9s et que les discussions s&#8217;intensifient, la sagesse de la foi pr\u00e9vaut pour conduire les esprits et les c\u0153urs vers leur bonne destination, loin du fanatisme destructeur, de parti pris ou de caprices, mais plut\u00f4t, le droit, la rationalit\u00e9 et la conscience sur la voie trac\u00e9e par l&#8217;Islam\u2019\u2019.<\/p>\n<p>Dans son discours, Cheikh Dr. Mohamed Al-Issa, secr\u00e9taire g\u00e9n\u00e9ral de la Ligue islamique mondiale, a indiqu\u00e9 que la conf\u00e9rence reprend ce qui a \u00e9t\u00e9 \u00e9tabli par le document \u2018\u2019construire des ponts entre les doctrines islamiques\u2019\u2019, publi\u00e9 par la conf\u00e9rence fondatrice du Ramadan dernier, pour coordonner les efforts d\u00e9ploy\u00e9s au profit de la nation \u00e0 un moment historique exigeant davantage de solidarit\u00e9.<\/p>\n<p>Il a d\u00e9clar\u00e9 : \u2018\u2019nous nous r\u00e9unissons dans cette r\u00e9habilitation authentique, la venue de la r\u00e9v\u00e9lation et la qibla universelle, couverte par le g\u00e9n\u00e9reux patronage du Serviteur des Lieux Sanits, en reconnaissance de la science et du r\u00f4le du peuple, assumant la responsabilit\u00e9 de cette conf\u00e9rence dans les dimensions de sa vision, l&#8217;exhaustivit\u00e9 de son message et la noblesse de ses objectifs\u2019\u2019.<\/p>\n<p>Le secr\u00e9taire g\u00e9n\u00e9ral a ajout\u00e9 : \u2018\u2019nous savons tous que la diff\u00e9rence et la diversit\u00e9 sont une Sunna divine universelle et qu&#8217;elles l&#8217;ont \u00e9t\u00e9 au sein de l&#8217;Islam pendant des si\u00e8cles, mais entre le flux et le reflux, le n\u00e9gatif et le positif, la conscience sublime et les objectifs recherch\u00e9s, bien que situation soit ce que nous savons tous&#8230; Les faits de l&#8217;histoire que nous avons entre nos mains en t\u00e9moignent.<\/p>\n<p>Il a affirm\u00e9 que les cons\u00e9quences n\u00e9fastes des d\u00e9bats sectaires ne se limitent pas aux trag\u00e9dies, mais se propagent parmi les diff\u00e9rentes soci\u00e9t\u00e9s musulmanes, nuisant ainsi \u00e0 l\u2019image et aux r\u00e9alit\u00e9s de la pratique de l&#8217;Islam, causant des faits enregistr\u00e9s par l&#8217;histoire dans ses pages douloureuses, soulignant que la fraternit\u00e9, la coexistence et la solidarit\u00e9 requises ne signifient pas n\u00e9cessairement la conviction dans l&#8217;intimit\u00e9 de l&#8217;autre, mais plut\u00f4t la compr\u00e9hension et le respect de son existence, et signifient \u00e9galement que le parapluie de l&#8217;Islam est un, que sa fraternit\u00e9 existe et que le commun est large.<\/p>\n<p>Dr Al-Issa a, en outre, soulign\u00e9 l&#8217;importance du dialogue entre les diff\u00e9rentes doctrines islamique, pr\u00e9cisant qu&#8217;il s&#8217;agit d&#8217;une \u2018\u2019exigence importante pour faire face aux diff\u00e9rents probl\u00e8mes pos\u00e9s, ajoutant qu\u2019en l\u2019absence de ce dialogue, notre destin demeurera incertain et nos efforts pour aller de l\u2019avant sont vou\u00e9s \u00e0 l\u2019\u00e9chec\u2019\u2019.<\/p>\n<p>Il a dit que \u2018\u2019la conf\u00e9rence verra le lancement de programmes pratiques \u00e0 la lumi\u00e8re du document \u2018\u2019construire des ponts entre les doctrines islamiques\u2019\u2019, adopt\u00e9 par les pays de l&#8217;OCI, un document dont les recommandations n\u00e9cessitent la construction des ponts pour instaurer une solidarit\u00e9 islamique efficace\u2019\u2019, remerciant les efforts d\u00e9ploy\u00e9s par le gouvernement saoudien en faveur de l&#8217;Islam et des musulmans, ainsi que les participants \u00e0 la conf\u00e9rence.<\/p>\n<p>Le public a assist\u00e9 \u00e0 la projection d\u2019un documentaire rappelant les caract\u00e9ristiques de l&#8217;initiative \u2018\u2019construire des ponts entre les doctrines islamiques\u2019\u2019, lanc\u00e9e l&#8217;ann\u00e9e derni\u00e8re, parall\u00e8lement aux discours des participants \u00e0 la c\u00e9r\u00e9monie d&#8217;ouverture, dont Houssein Taha, secr\u00e9taire g\u00e9n\u00e9ral de l&#8217;Organisation de la coop\u00e9ration islamique, Abdoullah ben Boya, Pr\u00e9sident du Conseil des \u00c9mirats pour la charia \u2018\u2019Iftaa\u2019\u2019, Ahmed Mazani, pr\u00e9sident du Conseil de la Choura du peuple indon\u00e9sien, en plus d\u2019autrs participants \u00e0 la conf\u00e9rence qui ont pris la parole.<\/p>\n<p>Par ailleurs, le lancement de la conf\u00e9rence a \u00e9t\u00e9 par l\u2019organisation de plusieurs sessions autour, entre autres, les \u00e9v\u00e9nements en Palestine, au Soudan et en Syrie, ainsi que les questions des minorit\u00e9s musulmanes.<\/p>\n<p>Le deuxi\u00e8me jour de la conf\u00e9rence, vendredi, sera marqu\u00e9 par plusieurs sessions avant la s\u00e9ance de cl\u00f4ture annon\u00e7ant la publication de la d\u00e9claration finale de la conf\u00e9rence, le lancement du plan strat\u00e9gique et ex\u00e9cutif du document \u2018\u2019construire des ponts entre les doctrines islamiques, en plus d\u2019autres documents tr\u00e8s importants\u2019\u2019.<\/p>\n<p>La Mecque, 07 mars 2025 (AMI) \u2013 Lancement, vendredi \u00e0 la Mecque, Sous le patronage du Serviteur des Lieux Saints, le roi Selman ben Abdelaziz Al Saoud, de la Conf\u00e9rence internationale sous le th\u00e8me : \u2018\u2019construire des ponts entre les doctrines islamiques\u2019\u2019, organis\u00e9e par la Ligue islamique mondiale, avec la participation de hauts muftis et d&#8217;\u00e9rudits de la nationale islamique de tous les rites et \u00e9coles de plus de 90 pays.<\/p>\n<p>Cette deuxi\u00e8me \u00e9dition de la conf\u00e9rence, organis\u00e9e par la Ligue islamique mondiale sous le th\u00e8me : \u2018\u2019vers une alliance islamique efficace\u2019\u2019, repr\u00e9sente un pas en avant sur le chemin de la familiarit\u00e9 islamique, vers une efficacit\u00e9 qui va au-del\u00e0 des dialogues repris \u00e0 tout moment, pour d\u00e9velopper des programmes pratiques pour la construction de ponts entre les doctrines islamiques, en coordonnant les positions pour faire face aux d\u00e9fis et aux risques communs et mettre en place un syst\u00e8me mat\u00e9rialis\u00e9 dans des initiatives et des projets qui consolident l&#8217;approche de la mod\u00e9ration, et r\u00e9futent le discours et les pratiques du sectarisme.<\/p>\n<p>La conf\u00e9rence a d\u00e9but\u00e9 par un discours de Son \u00c9minence le Grand Mufti du Royaume d&#8217;Arabie saoudite, Cheikh Abdelaziz Al-Cheikh, dans lequel il a soulign\u00e9 la grande responsabilit\u00e9 des \u00e9rudits, des penseurs et des intellectuels du monde islamique, d&#8217;\u00e9lever la voix de la sagesse qui pr\u00e9serve l&#8217;unit\u00e9 de la nation et aborde ses probl\u00e8mes et ses questions, appelant \u00e0 \u2018\u2019la voix de la raison, qui affronte les crises, pr\u00e9vaut et remet les choses en ordre\u2019\u2019.<\/p>\n<p>Il a soulign\u00e9 que \u2018\u2019les probl\u00e8mes et les tribulations du monde islamique devraient servir de tremplin pour souder les rangs et &#8216;\u00e9viter l&#8217;\u00e9change d&#8217;accusations, de projections et de polarisations\u2019\u2019, indiquant qu&#8217;\u2019\u2019il est de notre devoir, par bont\u00e9 envers les musulmans et leur unit\u00e9, de renforcer la relation, d&#8217;\u00e9tablir la confiance et de consolider les liens de fraternit\u00e9\u2019\u2019.<\/p>\n<p>Le Grand mufti a ajout\u00e9 que \u2018\u2019lorsque les soup\u00e7ons sont expos\u00e9s et que les discussions s&#8217;intensifient, la sagesse de la foi pr\u00e9vaut pour conduire les esprits et les c\u0153urs vers leur bonne destination, loin du fanatisme destructeur, de parti pris ou de caprices, mais plut\u00f4t, le droit, la rationalit\u00e9 et la conscience sur la voie trac\u00e9e par l&#8217;Islam\u2019\u2019.<\/p>\n<p>Dans son discours, Cheikh Dr. Mohamed Al-Issa, secr\u00e9taire g\u00e9n\u00e9ral de la Ligue islamique mondiale, a indiqu\u00e9 que la conf\u00e9rence reprend ce qui a \u00e9t\u00e9 \u00e9tabli par le document \u2018\u2019construire des ponts entre les doctrines islamiques\u2019\u2019, publi\u00e9 par la conf\u00e9rence fondatrice du Ramadan dernier, pour coordonner les efforts d\u00e9ploy\u00e9s au profit de la nation \u00e0 un moment historique exigeant davantage de solidarit\u00e9.<\/p>\n<p>Il a d\u00e9clar\u00e9 : \u2018\u2019nous nous r\u00e9unissons dans cette r\u00e9habilitation authentique, la venue de la r\u00e9v\u00e9lation et la qibla universelle, couverte par le g\u00e9n\u00e9reux patronage du Serviteur des Lieux Sanits, en reconnaissance de la science et du r\u00f4le du peuple, assumant la responsabilit\u00e9 de cette conf\u00e9rence dans les dimensions de sa vision, l&#8217;exhaustivit\u00e9 de son message et la noblesse de ses objectifs\u2019\u2019.<\/p>\n<p>Le secr\u00e9taire g\u00e9n\u00e9ral a ajout\u00e9 : \u2018\u2019nous savons tous que la diff\u00e9rence et la diversit\u00e9 sont une Sunna divine universelle et qu&#8217;elles l&#8217;ont \u00e9t\u00e9 au sein de l&#8217;Islam pendant des si\u00e8cles, mais entre le flux et le reflux, le n\u00e9gatif et le positif, la conscience sublime et les objectifs recherch\u00e9s, bien que situation soit ce que nous savons tous&#8230; Les faits de l&#8217;histoire que nous avons entre nos mains en t\u00e9moignent.<\/p>\n<p>Il a affirm\u00e9 que les cons\u00e9quences n\u00e9fastes des d\u00e9bats sectaires ne se limitent pas aux trag\u00e9dies, mais se propagent parmi les diff\u00e9rentes soci\u00e9t\u00e9s musulmanes, nuisant ainsi \u00e0 l\u2019image et aux r\u00e9alit\u00e9s de la pratique de l&#8217;Islam, causant des faits enregistr\u00e9s par l&#8217;histoire dans ses pages douloureuses, soulignant que la fraternit\u00e9, la coexistence et la solidarit\u00e9 requises ne signifient pas n\u00e9cessairement la conviction dans l&#8217;intimit\u00e9 de l&#8217;autre, mais plut\u00f4t la compr\u00e9hension et le respect de son existence, et signifient \u00e9galement que le parapluie de l&#8217;Islam est un, que sa fraternit\u00e9 existe et que le commun est large.<\/p>\n<p>Dr Al-Issa a, en outre, soulign\u00e9 l&#8217;importance du dialogue entre les diff\u00e9rentes doctrines islamique, pr\u00e9cisant qu&#8217;il s&#8217;agit d&#8217;une \u2018\u2019exigence importante pour faire face aux diff\u00e9rents probl\u00e8mes pos\u00e9s, ajoutant qu\u2019en l\u2019absence de ce dialogue, notre destin demeurera incertain et nos efforts pour aller de l\u2019avant sont vou\u00e9s \u00e0 l\u2019\u00e9chec\u2019\u2019.<\/p>\n<p>Il a dit que \u2018\u2019la conf\u00e9rence verra le lancement de programmes pratiques \u00e0 la lumi\u00e8re du document \u2018\u2019construire des ponts entre les doctrines islamiques\u2019\u2019, adopt\u00e9 par les pays de l&#8217;OCI, un document dont les recommandations n\u00e9cessitent la construction des ponts pour instaurer une solidarit\u00e9 islamique efficace\u2019\u2019, remerciant les efforts d\u00e9ploy\u00e9s par le gouvernement saoudien en faveur de l&#8217;Islam et des musulmans, ainsi que les participants \u00e0 la conf\u00e9rence.<\/p>\n<p>Le public a assist\u00e9 \u00e0 la projection d\u2019un documentaire rappelant les caract\u00e9ristiques de l&#8217;initiative \u2018\u2019construire des ponts entre les doctrines islamiques\u2019\u2019, lanc\u00e9e l&#8217;ann\u00e9e derni\u00e8re, parall\u00e8lement aux discours des participants \u00e0 la c\u00e9r\u00e9monie d&#8217;ouverture, dont Houssein Taha, secr\u00e9taire g\u00e9n\u00e9ral de l&#8217;Organisation de la coop\u00e9ration islamique, Abdoullah ben Boya, Pr\u00e9sident du Conseil des \u00c9mirats pour la charia \u2018\u2019Iftaa\u2019\u2019, Ahmed Mazani, pr\u00e9sident du Conseil de la Choura du peuple indon\u00e9sien, en plus d\u2019autrs participants \u00e0 la conf\u00e9rence qui ont pris la parole.<\/p>\n<p>Par ailleurs, le lancement de la conf\u00e9rence a \u00e9t\u00e9 par l\u2019organisation de plusieurs sessions autour, entre autres, les \u00e9v\u00e9nements en Palestine, au Soudan et en Syrie, ainsi que les questions des minorit\u00e9s musulmanes.<\/p>\n<p>Le deuxi\u00e8me jour de la conf\u00e9rence, vendredi, sera marqu\u00e9 par plusieurs sessions avant la s\u00e9ance de cl\u00f4ture annon\u00e7ant la publication de la d\u00e9claration finale de la conf\u00e9rence, le lancement du plan strat\u00e9gique et ex\u00e9cutif du document \u2018\u2019construire des ponts entre les doctrines islamiques, en plus d\u2019autres documents tr\u00e8s importants\u2019\u2019.<\/p>\n<p><img decoding=\"async\" class=\"alignnone  wp-image-266592\" src=\"https:\/\/ami.mr\/fr\/wp-content\/uploads\/2025\/03\/\u0628\u0646\u0627\u0621-\u0627\u0644\u062c\u0633\u0648\u0631-300x200.jpeg\" alt=\"\" width=\"680\" height=\"453\" srcset=\"https:\/\/ami.mr\/fr\/wp-content\/uploads\/2025\/03\/\u0628\u0646\u0627\u0621-\u0627\u0644\u062c\u0633\u0648\u0631-300x200.jpeg 300w, https:\/\/ami.mr\/fr\/wp-content\/uploads\/2025\/03\/\u0628\u0646\u0627\u0621-\u0627\u0644\u062c\u0633\u0648\u0631-1024x683.jpeg 1024w, https:\/\/ami.mr\/fr\/wp-content\/uploads\/2025\/03\/\u0628\u0646\u0627\u0621-\u0627\u0644\u062c\u0633\u0648\u0631-768x512.jpeg 768w, https:\/\/ami.mr\/fr\/wp-content\/uploads\/2025\/03\/\u0628\u0646\u0627\u0621-\u0627\u0644\u062c\u0633\u0648\u0631-1536x1024.jpeg 1536w, https:\/\/ami.mr\/fr\/wp-content\/uploads\/2025\/03\/\u0628\u0646\u0627\u0621-\u0627\u0644\u062c\u0633\u0648\u0631-2048x1365.jpeg 2048w\" sizes=\"(max-width: 680px) 100vw, 680px\" \/><\/p>\n<\/div>\n<\/div>\n","protected":false},"excerpt":{"rendered":"<p>Lancement, vendredi \u00e0 la Mecque, Sous le patronage du Serviteur des Lieux Saints, le roi Selman ben Abdelaziz Al Saoud, de la Conf\u00e9rence internationale sous le th\u00e8me : \u2018\u2019construire des ponts entre les doctrines islamiques\u2019\u2019, organis\u00e9e par la Ligue islamique mondiale, avec la participation de hauts muftis et d&#8217;\u00e9rudits de la nationale islamique de tous [&hellip;]<\/p>\n","protected":false},"author":16,"featured_media":266593,"comment_status":"open","ping_status":"open","sticky":false,"template":"","format":"standard","meta":{"footnotes":""},"categories":[63920,63957,25],"tags":[],"class_list":["post-266578","post","type-post","status-publish","format-standard","has-post-thumbnail","hentry","category-a-la-une","category-fil-dactualite","category-25"],"_links":{"self":[{"href":"https:\/\/ami.mr\/fr\/wp-json\/wp\/v2\/posts\/266578","targetHints":{"allow":["GET"]}}],"collection":[{"href":"https:\/\/ami.mr\/fr\/wp-json\/wp\/v2\/posts"}],"about":[{"href":"https:\/\/ami.mr\/fr\/wp-json\/wp\/v2\/types\/post"}],"author":[{"embeddable":true,"href":"https:\/\/ami.mr\/fr\/wp-json\/wp\/v2\/users\/16"}],"replies":[{"embeddable":true,"href":"https:\/\/ami.mr\/fr\/wp-json\/wp\/v2\/comments?post=266578"}],"version-history":[{"count":1,"href":"https:\/\/ami.mr\/fr\/wp-json\/wp\/v2\/posts\/266578\/revisions"}],"predecessor-version":[{"id":266594,"href":"https:\/\/ami.mr\/fr\/wp-json\/wp\/v2\/posts\/266578\/revisions\/266594"}],"wp:featuredmedia":[{"embeddable":true,"href":"https:\/\/ami.mr\/fr\/wp-json\/wp\/v2\/media\/266593"}],"wp:attachment":[{"href":"https:\/\/ami.mr\/fr\/wp-json\/wp\/v2\/media?parent=266578"}],"wp:term":[{"taxonomy":"category","embeddable":true,"href":"https:\/\/ami.mr\/fr\/wp-json\/wp\/v2\/categories?post=266578"},{"taxonomy":"post_tag","embeddable":true,"href":"https:\/\/ami.mr\/fr\/wp-json\/wp\/v2\/tags?post=266578"}],"curies":[{"name":"wp","href":"https:\/\/api.w.org\/{rel}","templated":true}]}}