{"id":266554,"date":"2025-03-06T19:03:36","date_gmt":"2025-03-06T19:03:36","guid":{"rendered":"https:\/\/ami.mr\/fr\/?p=266554"},"modified":"2025-03-06T19:03:36","modified_gmt":"2025-03-06T19:03:36","slug":"tiris-zemmour-le-wali-inspecte-le-reseau-regional-des-jardins-denfants-et-linstitut-superieur-de-la-metallurgie-a-zouerate","status":"publish","type":"post","link":"https:\/\/ami.mr\/fr\/archives\/266554","title":{"rendered":"Tiris Zemmour : Le wali inspecte le r\u00e9seau r\u00e9gional des jardins d&#8217;enfants et l&#8217;Institut sup\u00e9rieur de la m\u00e9tallurgie \u00e0 Zouerate"},"content":{"rendered":"<p>Le wali du Tiris Zemmour, Tayeb Ould Mohamed Mahmoud, a effectu\u00e9, jeudi apr\u00e8s-midi, une visite d&#8217;inspection au r\u00e9seau r\u00e9gional des jardins d&#8217;enfants et \u00e0 l&#8217;Institut Sup\u00e9rieur des m\u00e9tiers de la m\u00e9tallurgie \u00e0 Zouerate, o\u00f9 il a pris connaissance de l&#8217;\u00e9tat d&#8217;avancement des travaux dans les deux institutions et des principaux d\u00e9fis auxquels elles sont confront\u00e9es.<\/p>\n<p>Le wali a entam\u00e9 sa visite en se rendant au R\u00e9seau r\u00e9gional des jardins d&#8217;enfants, o\u00f9 il a \u00e9cout\u00e9 un expos\u00e9 d\u00e9taill\u00e9 de la directrice du r\u00e9seau, Aicha Bilal, sur les \u00e9tapes franchies par la f\u00e9d\u00e9ration des jardins d&#8217;enfants et le r\u00f4le qu&#8217;elle joue dans l&#8217;\u00e9ducation et l&#8217;instruction des g\u00e9n\u00e9rations futures.<\/p>\n<p>Au cours de la deuxi\u00e8me \u00e9tape, il s&#8217;est rendu \u00e0 l&#8217;Institut Sup\u00e9rieur des Professions mini\u00e8res, o\u00f9 il a visit\u00e9 les salles d&#8217;enseignement, les laboratoires et les salles de travaux pratiques, et a \u00e9t\u00e9 inform\u00e9 de l&#8217;\u00e9tat d&#8217;avancement des cours pratiques.<\/p>\n<p>Il a \u00e9cout\u00e9 les explications du directeur de l&#8217;institut, Ahmed Salem Ould Mohamed, sur les missions de cette institution et son r\u00f4le dans la formation et la qualification des jeunes avant leur lancement sur le march\u00e9 du travail.<\/p>\n<p>Dans une d\u00e9claration \u00e0 l&#8217;Agence Mauritanienne d\u2019Information, le directeur de l&#8217;institut a expliqu\u00e9 que cette visite a permis au wali de s&#8217;enqu\u00e9rir de la qualit\u00e9 de la formation dispens\u00e9e \u00e0 l&#8217;institut et des partenariats existants dans le domaine de la formation, notamment avec la Soci\u00e9t\u00e9 Nationale Industrielle et Mini\u00e8re (Snim).<\/p>\n<p>Il a \u00e9galement pr\u00e9sent\u00e9 au wali un expos\u00e9 sur l&#8217;\u00e9volution de l&#8217;Institut depuis sa cr\u00e9ation, notamment le nombre d&#8217;\u00e9tudiants inscrits et de dipl\u00f4m\u00e9s, pr\u00e9cisant que le taux d&#8217;insertion sur le march\u00e9 du travail des dipl\u00f4m\u00e9s de l&#8217;institut a atteint 92%.<\/p>\n<p>Le wali \u00e9tait accompagn\u00e9 de son conseiller charg\u00e9 des affaires \u00e9conomiques et du d\u00e9veloppement local, Mohamed El Moustapha Ould Mohamed Lemine, du hakem de la moughataa de Zouerate, Mohamed Mahmoud Ould Sid Ali, de l&#8217;adjoint au maire de la commune de Zouerate, Saleck Ould Ely Tem, et d\u2019autres responsables r\u00e9gionaux de la wilaya.<\/p>\n","protected":false},"excerpt":{"rendered":"<p>Le wali du Tiris Zemmour, Tayeb Ould Mohamed Mahmoud, a effectu\u00e9, jeudi apr\u00e8s-midi, une visite d&#8217;inspection au r\u00e9seau r\u00e9gional des jardins d&#8217;enfants et \u00e0 l&#8217;Institut Sup\u00e9rieur des m\u00e9tiers de la m\u00e9tallurgie \u00e0 Zouerate, o\u00f9 il a pris connaissance de l&#8217;\u00e9tat d&#8217;avancement des travaux dans les deux institutions et des principaux d\u00e9fis auxquels elles sont confront\u00e9es. [&hellip;]<\/p>\n","protected":false},"author":10,"featured_media":266555,"comment_status":"open","ping_status":"open","sticky":false,"template":"","format":"standard","meta":{"footnotes":""},"categories":[63918,63957,8672],"tags":[],"class_list":["post-266554","post","type-post","status-publish","format-standard","has-post-thumbnail","hentry","category-autres","category-fil-dactualite","category-8672"],"_links":{"self":[{"href":"https:\/\/ami.mr\/fr\/wp-json\/wp\/v2\/posts\/266554","targetHints":{"allow":["GET"]}}],"collection":[{"href":"https:\/\/ami.mr\/fr\/wp-json\/wp\/v2\/posts"}],"about":[{"href":"https:\/\/ami.mr\/fr\/wp-json\/wp\/v2\/types\/post"}],"author":[{"embeddable":true,"href":"https:\/\/ami.mr\/fr\/wp-json\/wp\/v2\/users\/10"}],"replies":[{"embeddable":true,"href":"https:\/\/ami.mr\/fr\/wp-json\/wp\/v2\/comments?post=266554"}],"version-history":[{"count":1,"href":"https:\/\/ami.mr\/fr\/wp-json\/wp\/v2\/posts\/266554\/revisions"}],"predecessor-version":[{"id":266556,"href":"https:\/\/ami.mr\/fr\/wp-json\/wp\/v2\/posts\/266554\/revisions\/266556"}],"wp:featuredmedia":[{"embeddable":true,"href":"https:\/\/ami.mr\/fr\/wp-json\/wp\/v2\/media\/266555"}],"wp:attachment":[{"href":"https:\/\/ami.mr\/fr\/wp-json\/wp\/v2\/media?parent=266554"}],"wp:term":[{"taxonomy":"category","embeddable":true,"href":"https:\/\/ami.mr\/fr\/wp-json\/wp\/v2\/categories?post=266554"},{"taxonomy":"post_tag","embeddable":true,"href":"https:\/\/ami.mr\/fr\/wp-json\/wp\/v2\/tags?post=266554"}],"curies":[{"name":"wp","href":"https:\/\/api.w.org\/{rel}","templated":true}]}}