{"id":266459,"date":"2025-03-05T19:07:35","date_gmt":"2025-03-05T19:07:35","guid":{"rendered":"https:\/\/ami.mr\/fr\/?p=266459"},"modified":"2025-03-05T19:07:35","modified_gmt":"2025-03-05T19:07:35","slug":"le-wali-du-hodh-charghi-exhorte-les-chefs-des-services-regionaux-de-resoudre-les-problemes-des-populations","status":"publish","type":"post","link":"https:\/\/ami.mr\/fr\/archives\/266459","title":{"rendered":"Le wali du Hodh-Charghi exhorte les chefs des services r\u00e9gionaux de r\u00e9soudre les probl\u00e8mes des populations"},"content":{"rendered":"<p>Le wali du Hodh-Charghi, M. Isselmou Ould Sidi, a tenu mercredi \u00e0 N\u00e9ma une r\u00e9union avec les chefs des services r\u00e9gionaux de la wilaya.<\/p>\n<p>La r\u00e9union visait \u00e0 mettre l&#8217;accent sur le respect des horaires de travail, la prise en compte des pr\u00e9occupations des citoyens et le traitement positif des clients dans les diff\u00e9rents secteurs de services.<\/p>\n<p>Au cours de la r\u00e9union, le wali a soulign\u00e9 l&#8217;importance de coordonner le travail et de rejeter les comportements qui contredisent les directives des autorit\u00e9s publiques visant \u00e0 rapprocher l\u2019administration de ses usagers.<\/p>\n<p>La r\u00e9union a \u00e9galement abord\u00e9 les d\u00e9fis en mati\u00e8re de d\u00e9veloppement et de s\u00e9curit\u00e9 et les moyens de les surmonter et de coordonner les efforts pour \u00e9liminer tous les obstacles et renforcer l&#8217;esprit de solidarit\u00e9 et de sacrifice afin d&#8217;atteindre les objectifs de fourniture d&#8217;infrastructures et de cr\u00e9ation d&#8217;un espace de d\u00e9veloppement s\u00fbr qui contribue \u00e0 renforcer le d\u00e9veloppement local.<\/p>\n<p>Le wali, accompagn\u00e9 des autorit\u00e9s administratives et s\u00e9curitaires, a visit\u00e9 les \u00e9tablissements scolaires de la ville de N\u00e9ma, notamment le lyc\u00e9e, le coll\u00e8ge et les \u00e9coles primaires .<\/p>\n<p>Il a \u00e9t\u00e9 inform\u00e9 de l&#8217;\u00e9tat d&#8217;avancement des \u00e9tudes dans ces \u00e9tablissements et a re\u00e7u des explications de la part des responsables, les invitant \u00e0 se concentrer sur la mise en \u0153uvre des programmes d&#8217;enseignement et des curricula de mani\u00e8re \u00e0 atteindre les objectifs souhait\u00e9s du programme de l&#8217;\u00e9cole r\u00e9publicaine.<\/p>\n","protected":false},"excerpt":{"rendered":"<p>Le wali du Hodh-Charghi, M. Isselmou Ould Sidi, a tenu mercredi \u00e0 N\u00e9ma une r\u00e9union avec les chefs des services r\u00e9gionaux de la wilaya. La r\u00e9union visait \u00e0 mettre l&#8217;accent sur le respect des horaires de travail, la prise en compte des pr\u00e9occupations des citoyens et le traitement positif des clients dans les diff\u00e9rents secteurs [&hellip;]<\/p>\n","protected":false},"author":5,"featured_media":266460,"comment_status":"open","ping_status":"open","sticky":false,"template":"","format":"standard","meta":{"footnotes":""},"categories":[63918,63957,8672],"tags":[],"class_list":["post-266459","post","type-post","status-publish","format-standard","has-post-thumbnail","hentry","category-autres","category-fil-dactualite","category-8672"],"_links":{"self":[{"href":"https:\/\/ami.mr\/fr\/wp-json\/wp\/v2\/posts\/266459","targetHints":{"allow":["GET"]}}],"collection":[{"href":"https:\/\/ami.mr\/fr\/wp-json\/wp\/v2\/posts"}],"about":[{"href":"https:\/\/ami.mr\/fr\/wp-json\/wp\/v2\/types\/post"}],"author":[{"embeddable":true,"href":"https:\/\/ami.mr\/fr\/wp-json\/wp\/v2\/users\/5"}],"replies":[{"embeddable":true,"href":"https:\/\/ami.mr\/fr\/wp-json\/wp\/v2\/comments?post=266459"}],"version-history":[{"count":1,"href":"https:\/\/ami.mr\/fr\/wp-json\/wp\/v2\/posts\/266459\/revisions"}],"predecessor-version":[{"id":266461,"href":"https:\/\/ami.mr\/fr\/wp-json\/wp\/v2\/posts\/266459\/revisions\/266461"}],"wp:featuredmedia":[{"embeddable":true,"href":"https:\/\/ami.mr\/fr\/wp-json\/wp\/v2\/media\/266460"}],"wp:attachment":[{"href":"https:\/\/ami.mr\/fr\/wp-json\/wp\/v2\/media?parent=266459"}],"wp:term":[{"taxonomy":"category","embeddable":true,"href":"https:\/\/ami.mr\/fr\/wp-json\/wp\/v2\/categories?post=266459"},{"taxonomy":"post_tag","embeddable":true,"href":"https:\/\/ami.mr\/fr\/wp-json\/wp\/v2\/tags?post=266459"}],"curies":[{"name":"wp","href":"https:\/\/api.w.org\/{rel}","templated":true}]}}