{"id":266208,"date":"2025-03-01T17:49:34","date_gmt":"2025-03-01T17:49:34","guid":{"rendered":"https:\/\/ami.mr\/fr\/?p=266208"},"modified":"2025-03-01T17:49:34","modified_gmt":"2025-03-01T17:49:34","slug":"la-delegation-generale-de-la-securite-civile-commemore-la-journee-internationale-de-la-protection-civile-sous-le-slogan-la-protection-civile-est-une-garantie-de-la-securite-de-la-population","status":"publish","type":"post","link":"https:\/\/ami.mr\/fr\/archives\/266208","title":{"rendered":"La D\u00e9l\u00e9gation G\u00e9n\u00e9rale de la S\u00e9curit\u00e9 Civile comm\u00e9more la Journ\u00e9e Internationale de la Protection Civile sous le slogan \u00ab La Protection Civile est une garantie de la s\u00e9curit\u00e9 de la population \u00bb"},"content":{"rendered":"<div class=\"cell auto-size\">\n<div class=\"set-border bd-gray padding10 margin10 no-margin-right no-margin-left \" dir=\"ltr\">\n<p><img decoding=\"async\" class=\"size-medium wp-image-266210 alignleft\" src=\"https:\/\/ami.mr\/fr\/wp-content\/uploads\/2025\/03\/IMG_1623-300x200.jpg\" alt=\"\" width=\"300\" height=\"200\" srcset=\"https:\/\/ami.mr\/fr\/wp-content\/uploads\/2025\/03\/IMG_1623-300x200.jpg 300w, https:\/\/ami.mr\/fr\/wp-content\/uploads\/2025\/03\/IMG_1623-1024x683.jpg 1024w, https:\/\/ami.mr\/fr\/wp-content\/uploads\/2025\/03\/IMG_1623-768x512.jpg 768w, https:\/\/ami.mr\/fr\/wp-content\/uploads\/2025\/03\/IMG_1623-1536x1024.jpg 1536w, https:\/\/ami.mr\/fr\/wp-content\/uploads\/2025\/03\/IMG_1623-2048x1365.jpg 2048w\" sizes=\"(max-width: 300px) 100vw, 300px\" \/>Le Secr\u00e9taire g\u00e9n\u00e9ral du Minist\u00e8re de l\u2019Int\u00e9rieur, de la Promotion de la D\u00e9centralisation et du D\u00e9veloppement local, M. Abderrahmane Ould El Hassan, accompagn\u00e9 du D\u00e9l\u00e9gu\u00e9 G\u00e9n\u00e9ral \u00e0 la S\u00e9curit\u00e9 Civile et \u00e0 la Gestion des Crises, le G\u00e9n\u00e9ral de Division Abou El Maali Hadi Sidi Ould Amor, a supervis\u00e9 samedi matin au si\u00e8ge de l\u2019Assembl\u00e9e Sp\u00e9cialis\u00e9e pour la S\u00e9curit\u00e9 Civile dans la wilaya ouest de Nouakchott, le lancement des activit\u00e9s comm\u00e9moratives de la Journ\u00e9e Internationale de la Protection Civile organis\u00e9es cette ann\u00e9e sous le slogan \u00ab La protection civile est une garantie de la s\u00e9curit\u00e9 de la population \u00bb.<\/p>\n<p>La c\u00e9r\u00e9monie, qui s\u2019est tenue \u00e0 cette occasion, a \u00e9t\u00e9 marqu\u00e9e par le passage en revue par le Secr\u00e9taire g\u00e9n\u00e9ral, accompagn\u00e9 du D\u00e9l\u00e9gu\u00e9 g\u00e9n\u00e9ral \u00e0 la S\u00e9curit\u00e9 civile, de formations de s\u00e9curit\u00e9 civile et de gestion des crises, qui leur ont rendu les honneur, avant de serrer la main des hauts responsables du secteur.<\/p>\n<p>\u00c0 cette occasion, le drapeau national a \u00e9t\u00e9 hiss\u00e9 et le nouveau si\u00e8ge du Rassemblement Sp\u00e9cialis\u00e9 pour la S\u00e9curit\u00e9 Civile a \u00e9t\u00e9 inaugur\u00e9 avant que les participants ne visitent le Salon des \u00c9quipements de S\u00e9curit\u00e9 Civile organis\u00e9 \u00e0 cette occasion annuelle, \u00e0 travers lequel la D\u00e9l\u00e9gation G\u00e9n\u00e9rale \u00e0 la S\u00e9curit\u00e9 Civile et \u00e0 la Gestion des Crises a r\u00e9v\u00e9l\u00e9 les \u00e9volutions successives observ\u00e9es par le secteur ces derni\u00e8res ann\u00e9es.<\/p>\n<p>Dans un discours prononc\u00e9 \u00e0 cette occasion, le secr\u00e9taire g\u00e9n\u00e9ral du minist\u00e8re de l\u2019Int\u00e9rieur, de la D\u00e9centralisation et du D\u00e9veloppement local a d\u00e9clar\u00e9 que ce slogan souligne le r\u00f4le central jou\u00e9 par l\u2019Agence de s\u00e9curit\u00e9 civile dans la protection des personnes et des biens et la promotion du bien-\u00eatre des communaut\u00e9s face aux menaces et aux d\u00e9fis croissants au niveau local et mondial.<\/p>\n<p><img decoding=\"async\" class=\" wp-image-266211 alignleft\" src=\"https:\/\/ami.mr\/fr\/wp-content\/uploads\/2025\/03\/IMG_1618-300x217.jpg\" alt=\"\" width=\"290\" height=\"210\" srcset=\"https:\/\/ami.mr\/fr\/wp-content\/uploads\/2025\/03\/IMG_1618-300x217.jpg 300w, https:\/\/ami.mr\/fr\/wp-content\/uploads\/2025\/03\/IMG_1618-1024x742.jpg 1024w, https:\/\/ami.mr\/fr\/wp-content\/uploads\/2025\/03\/IMG_1618-768x557.jpg 768w, https:\/\/ami.mr\/fr\/wp-content\/uploads\/2025\/03\/IMG_1618-1536x1113.jpg 1536w, https:\/\/ami.mr\/fr\/wp-content\/uploads\/2025\/03\/IMG_1618-2048x1485.jpg 2048w\" sizes=\"(max-width: 290px) 100vw, 290px\" \/>Il a ajout\u00e9 que la s\u00e9curit\u00e9 civile ne se limite plus aux syst\u00e8mes d\u2019alerte et d\u2019intervention d\u2019urgence, mais qu\u2019elle est devenue une approche globale visant \u00e0 construire des communaut\u00e9s s\u00fbres et r\u00e9silientes, \u00e0 pr\u00e9parer les populations aux dangers potentiels et \u00e0 d\u00e9velopper l\u2019infrastructure n\u00e9cessaire pour r\u00e9pondre rapidement \u00e0 des op\u00e9rations de sauvetage efficaces. Mais tous ces efforts ne peuvent \u00eatre r\u00e9alis\u00e9s que par une action conjointe et une coop\u00e9ration internationale. Il a indiqu\u00e9 que sur la base de cette vision et en tant qu\u2019incarnation de l\u2019attention particuli\u00e8re port\u00e9e par Son Excellence le Pr\u00e9sident de la R\u00e9publique, Monsieur Mohamed Ould Cheikh El Ghazouani, \u00e0 la s\u00e9curit\u00e9 des citoyens et de leurs biens, \u00e0 travers la grande attention qu\u2019il porte au syst\u00e8me de s\u00e9curit\u00e9 civile, il a \u00e9t\u00e9 d\u00e9cid\u00e9 dans le cadre d\u2019un plan quadriennal (2024-2028) d\u2019intensifier les moyens humains, financiers et logistiques de la s\u00e9curit\u00e9 civile, \u00e0 travers la formation, les souscriptions r\u00e9guli\u00e8res, la construction de si\u00e8ges sociaux et l\u2019acquisition de nombreux m\u00e9canismes techniques et \u00e9quipements, qui permettront la g\u00e9n\u00e9ralisation des services de s\u00e9curit\u00e9 civile sur l\u2019ensemble du territoire national et \u00e0 l\u2019horizon.<\/p>\n<p>Le Secr\u00e9taire g\u00e9n\u00e9ral a salu\u00e9 les efforts de l\u2019Organisation internationale de la protection civile et de la d\u00e9fense civile, \u00e0 travers le soutien mat\u00e9riel et moral qu\u2019elle apporte dans le but de contribuer au d\u00e9veloppement de la s\u00e9curit\u00e9 civile dans notre pays, ainsi que dans les pays fr\u00e8res et amis et nos partenaires au d\u00e9veloppement, y compris les organisations et organismes internationaux, pour contribuer au d\u00e9veloppement et au renforcement des capacit\u00e9s de la D\u00e9l\u00e9gation g\u00e9n\u00e9rale \u00e0 la s\u00e9curit\u00e9 civile et \u00e0 la gestion des crises dans notre pays. Il a \u00e9galement f\u00e9licit\u00e9 les dirigeants et les membres de la S\u00e9curit\u00e9 civile, y compris les officiers, les sous-officiers et les agents, pour leurs efforts et leurs sacrifices afin de prot\u00e9ger les citoyens et leurs biens, louant \u00e0 cet \u00e9gard les efforts appr\u00e9ci\u00e9s de la D\u00e9l\u00e9gation g\u00e9n\u00e9rale pour faire face aux r\u00e9centes inondations en bordure du fleuve et sa r\u00e9ponse aux incendies, y compris les feux d brousse . Il a salu\u00e9 la nouvelle approche adopt\u00e9e par celle-ci, qui met l\u2019accent sur la pr\u00e9vention des risques, la d\u00e9finition de leur cartographie et l\u2019implication de tous les acteurs dans leur prise en charge, car la protection civile exige la contribution de tous et rel\u00e8ve de la responsabilit\u00e9 de tous, habitants et institutions. Il a appel\u00e9 tous les acteurs \u00e9conomiques \u00e0 accorder la plus grande attention \u00e0 la s\u00e9curit\u00e9 civile au sein des institutions en \u00e9laborant des plans de pr\u00e9vention des risques, en faisant face aux crises, en mettant en place des services internes sp\u00e9cialis\u00e9s et en mettant \u00e0 leur disposition les moyens humains et mat\u00e9riels n\u00e9cessaires.<\/p>\n<p>\u00c0 son tour, le D\u00e9l\u00e9gu\u00e9 g\u00e9n\u00e9ral \u00e0 la s\u00e9curit\u00e9 civile et \u00e0 la gestion des crises a indiqu\u00e9 dans un discours prononc\u00e9 \u00e0 cette occasion que ce slogan recoupe la vision du secteur du r\u00f4le de la s\u00e9curit\u00e9 civile et de la gestion des crises, qui est d\u2019en faire un outil pivot et efficace dans le syst\u00e8me de secours, de pr\u00e9paration et de r\u00e9ponse aux urgences et aux catastrophes dans le cadre d\u2019une approche de la s\u00e9curit\u00e9 et du d\u00e9veloppement durable pour assurer la protection des personnes, des biens et de l\u2019environnement. Il a ajout\u00e9 que pour incarner cette vision, la D\u00e9l\u00e9gation g\u00e9n\u00e9rale \u00e0 la s\u00e9curit\u00e9 civile et \u00e0 la gestion des crises a \u00e9labor\u00e9 un plan quadriennal pour les ann\u00e9es 2024-2027, bas\u00e9 sur quatre axes principaux : le renforcement des capacit\u00e9s op\u00e9rationnelles, le renforcement des capacit\u00e9s institutionnelles et organisationnelles, le d\u00e9veloppement d\u2019une culture de la s\u00e9curit\u00e9, et le d\u00e9veloppement des relations de coop\u00e9ration.<\/p>\n<p>Le D\u00e9l\u00e9gu\u00e9 G\u00e9n\u00e9ral a pr\u00e9sent\u00e9 une synth\u00e8se des r\u00e9alisations et des \u00e9tapes importantes franchies par la D\u00e9l\u00e9gation G\u00e9n\u00e9rale de la S\u00e9curit\u00e9 Civile au cours de l\u2019ann\u00e9e \u00e9coul\u00e9e et dont l\u2019ach\u00e8vement est pr\u00e9vu au cours de l\u2019ann\u00e9e en cours. Dans le domaine de la formation, des formations ont \u00e9t\u00e9 organis\u00e9es pour des particuliers dans plusieurs domaines, tels que la lecture des cartes \u00e0 l\u2019aide de techniques satellitaires, la lutte contre les feux de brousse en milieu rural, l\u2019utilisation de bateaux pour l\u2019intervention navale, l\u2019utilisation de drones dans le domaine de la reconnaissance a\u00e9rienne, la prise en charge des victimes d\u2019accidents avant d\u2019atteindre les h\u00f4pitaux, les op\u00e9rations de sauvetage et le d\u00e9blaiement des d\u00e9combres. Dans le domaine du soutien aux capacit\u00e9s, le secteur a pu acqu\u00e9rir 06 camions de pompiers en zone rurale, 13 ambulances \u00e9quip\u00e9es des fournitures n\u00e9cessaires, 06 v\u00e9hicules de liaison et de conduite, 03 bateaux, 03 drones de reconnaissance a\u00e9rienne, 04 v\u00e9los \u00e0 quatre roues, en plus d\u2019une vari\u00e9t\u00e9 d\u2019\u00e9quipements de s\u00e9curit\u00e9 civile. Dans le domaine de l\u2019am\u00e9lioration de l\u2019environnement du travail, le centre de sant\u00e9 a \u00e9t\u00e9 exploit\u00e9 et agrandi et le si\u00e8ge du cluster sp\u00e9cialis\u00e9 a \u00e9t\u00e9 construit aujourd\u2019hui, soulignant que ces gains ont \u00e9lev\u00e9 le niveau des activit\u00e9s op\u00e9rationnelles de la D\u00e9l\u00e9gation g\u00e9n\u00e9rale, car son r\u00e9sultat au cours de 2024 a atteint 4083 interventions, soit une moyenne de 11 interventions par jour, contre 3621 interventions en 2023, soit une augmentation de 12,76 %, en raison de l\u2019augmentation du rythme de la demande des citoyens pour les services du secteur. Le d\u00e9l\u00e9gu\u00e9 g\u00e9n\u00e9ral \u00e0 la s\u00e9curit\u00e9 civile a indiqu\u00e9 qu\u2019au cours de cette ann\u00e9e, des directions r\u00e9gionales seront mises en place dans les wilayas du Tiris Zemmour, du Tagant et de l\u2019Adrar ; des centres de secours \u00e9quip\u00e9s des moyens n\u00e9cessaires seront mis en place dans les moughataas les plus denses et les plus vitales du pays en termes de population et d\u2019activit\u00e9 \u00e9conomique ; le personnel sera form\u00e9 et son expertise dans diverses disciplines sera am\u00e9lior\u00e9e ; des unit\u00e9s seront dot\u00e9es de marches de reconnaissance ; les directions r\u00e9gionales seront appuy\u00e9es dans les wilayas pastorales avec du mat\u00e9riel de lutte contre les feux de brousse et du mat\u00e9riel dans les zones rurales ; les directions r\u00e9gionales de la r\u00e9gion du fleuve seront appuy\u00e9es par des bateaux ; et le Centre national de gestion de la r\u00e9gion du fleuve sera activ\u00e9 en la dotant de moyens de communication avanc\u00e9s et en la reliant \u00e0 des satellites. Dans le cadre du renforcement des capacit\u00e9s institutionnelles et organisationnelles, plusieurs textes seront publi\u00e9s, dont le d\u00e9cret n\u00b02024-067, qui int\u00e8gre la mise en \u0153uvre de certaines dispositions de la loi n\u00b02021-009, qui a renforc\u00e9 la consolidation du secteur au sein des forces arm\u00e9es et des forces de s\u00e9curit\u00e9 en termes de grades, de d\u00e9signations militaires, d\u2019organisation administrative et de contr\u00f4le, et a eu un grand impact sur l\u2019\u00e9l\u00e9vation du moral des individus. En plus de la mise en \u0153uvre des D\u00e9cisions d\u2019application du d\u00e9cret n\u00b0 2023 142 relatif \u00e0 la r\u00e9organisation des secours d\u2019urgence et \u00e0 la mise en place d\u2019un syst\u00e8me national de pr\u00e9paration et de r\u00e9ponse aux situations d\u2019urgence et aux catastrophes naturelles, en particulier ceux li\u00e9s \u00e0 l\u2019organisation et au fonctionnement des organismes directement li\u00e9s \u00e0 l\u2019activit\u00e9 de la D\u00e9l\u00e9gation g\u00e9n\u00e9rale \u00e0 la s\u00e9curit\u00e9 civile et \u00e0 la gestion des crises, tels que le Comit\u00e9 national d\u2019intervention et le Centre national de gestion des crises. Lors des inondations de 2024, ce syst\u00e8me national a \u00e9t\u00e9 activ\u00e9 pour la premi\u00e8re fois.<\/p>\n<p>Au cours de cette ann\u00e9e, les textes r\u00e9glementaires dans le domaine des syst\u00e8mes de s\u00e9curit\u00e9 dans les \u00e9tablissements recevant du public et ceux classifi\u00e9s sur la base de leur gravit\u00e9 seront mis \u00e0 jour, et les textes d\u2019application du d\u00e9cret n\u00b0 142-2023 susvis\u00e9, notamment l\u2019arr\u00eat\u00e9 relatif aux plans de r\u00e9ponse de s\u00e9curit\u00e9 civile, Plan ORSEC, seront mis \u00e0 jour de m\u00eame que les organes consultatifs d\u00e9centralis\u00e9s aux niveaux de l\u2019\u00c9tat et des wilayas, et des d\u00e9cisions d\u00e9clarant l\u2019\u00e9tat d\u2019urgence. En ce qui concerne le d\u00e9veloppement d\u2019une culture de la s\u00e9curit\u00e9, une feuille de route a \u00e9t\u00e9 sign\u00e9e avec l\u2019Union europ\u00e9enne pour la mise en place d\u2019un syst\u00e8me volontaire au service de la s\u00e9curit\u00e9 civile, et deux composantes dans ce domaine ont \u00e9t\u00e9 form\u00e9es par des experts tunisiens lors de deux sessions distinctes. Dans ce contexte, le secteur attend avec int\u00e9r\u00eat l\u2019inclusion d\u2019une composante s\u00e9curit\u00e9 civile dans le programme de la fonction publique, en coordination avec le minist\u00e8re concern\u00e9.<\/p>\n<p>Au niveau du d\u00e9veloppement des relations de coop\u00e9ration, le D\u00e9l\u00e9gu\u00e9 G\u00e9n\u00e9ral \u00e0 la S\u00e9curit\u00e9 civile a ajout\u00e9 que des m\u00e9morandums d\u2019entente ont \u00e9t\u00e9 sign\u00e9s avec le Royaume d\u2019Arabie saoudite et la R\u00e9publique de Roumanie, en plus d\u2019un projet de m\u00e9morandum d\u2019entente avec la R\u00e9publique tunisienne s\u0153ur qui sera sign\u00e9 prochainement, esp\u00e9rons-le, \u00e0 Nouakchott, et d\u2019une feuille de route avec l\u2019Union pour la M\u00e9diterran\u00e9e. Il a soulign\u00e9 que le secteur s\u2019efforcera de renforcer la coop\u00e9ration et les relations de partenariat dans le domaine de la coordination, de la formation, de la formation et de l\u2019\u00e9change d\u2019exp\u00e9riences avec les secteurs concern\u00e9s par l\u2019intervention dans les situations d\u2019urgence, les catastrophes et les crises ; Et avec des pays fr\u00e8res et amis dans le cadre de la coop\u00e9ration bilat\u00e9rale ; et avec des organisations internationales (Nations Unies, Union europ\u00e9enne, OTAN, Banque mondiale, Union m\u00e9diterran\u00e9enne et Agence fran\u00e7aise de d\u00e9veloppement). \u00ab \u00c0 cet \u00e9gard, je ne peux que remercier tous nos partenaires des pays fr\u00e8res et amis et les organisations qui travaillent dans le domaine de la r\u00e9duction des risques de catastrophe.<\/p>\n<p>En conclusion, je f\u00e9licite tous les membres de la S\u00e9curit\u00e9 civile et je les remercie pour leurs efforts et leurs sacrifices, et je les appelle \u00e0 faire davantage pour le bien du pays et \u00e0 accomplir leurs nobles t\u00e2ches avec sinc\u00e9rit\u00e9, responsabilit\u00e9 et professionnalisme sous le slogan de notre secteur : \u00ab Sauver ou r\u00e9demption \u00bb, inspir\u00e9 par le dicton du Tout-Puissant : \u00ab Celui qui l\u2019a fait revivre est comme s\u2019il avait ranim\u00e9 tous les hommes \u00bb. Allah le Tout-Puissant a parl\u00e9 et a atteint Son Saint Messager.<\/p>\n<p>La c\u00e9r\u00e9monie s\u2019est d\u00e9roul\u00e9e en pr\u00e9sence des secr\u00e9taires g\u00e9n\u00e9raux de plusieurs secteurs minist\u00e9riels, du wali mou\u00e7aid de de Nouakchott Ouest , d\u2019un repr\u00e9sentant de l\u2019\u00e9tat-major g\u00e9n\u00e9ral des arm\u00e9es, du commandant du coll\u00e8ge de d\u00e9fense du Groupe des cinq au Sahel, de repr\u00e9sentants des chefs d\u2019\u00e9tat-major de la gendarmerie et de la garde nationale, du hakem de la moughataa de Tafragh Zeina et du maire de sa commune, ainsi que de nombreux ambassadeurs et attach\u00e9s militaires dans un certain nombre de pays fr\u00e8res et amis.<\/p>\n<\/div>\n<\/div>\n","protected":false},"excerpt":{"rendered":"<p>Le Secr\u00e9taire g\u00e9n\u00e9ral du Minist\u00e8re de l\u2019Int\u00e9rieur, de la Promotion de la D\u00e9centralisation et du D\u00e9veloppement local, M. Abderrahmane Ould El Hassan, accompagn\u00e9 du D\u00e9l\u00e9gu\u00e9 G\u00e9n\u00e9ral \u00e0 la S\u00e9curit\u00e9 Civile et \u00e0 la Gestion des Crises, le G\u00e9n\u00e9ral de Division Abou El Maali Hadi Sidi Ould Amor, a supervis\u00e9 samedi matin au si\u00e8ge de l\u2019Assembl\u00e9e [&hellip;]<\/p>\n","protected":false},"author":10,"featured_media":266209,"comment_status":"open","ping_status":"open","sticky":false,"template":"","format":"standard","meta":{"footnotes":""},"categories":[63920,63957,63959],"tags":[],"class_list":["post-266208","post","type-post","status-publish","format-standard","has-post-thumbnail","hentry","category-a-la-une","category-fil-dactualite","category-mauritanie"],"_links":{"self":[{"href":"https:\/\/ami.mr\/fr\/wp-json\/wp\/v2\/posts\/266208","targetHints":{"allow":["GET"]}}],"collection":[{"href":"https:\/\/ami.mr\/fr\/wp-json\/wp\/v2\/posts"}],"about":[{"href":"https:\/\/ami.mr\/fr\/wp-json\/wp\/v2\/types\/post"}],"author":[{"embeddable":true,"href":"https:\/\/ami.mr\/fr\/wp-json\/wp\/v2\/users\/10"}],"replies":[{"embeddable":true,"href":"https:\/\/ami.mr\/fr\/wp-json\/wp\/v2\/comments?post=266208"}],"version-history":[{"count":2,"href":"https:\/\/ami.mr\/fr\/wp-json\/wp\/v2\/posts\/266208\/revisions"}],"predecessor-version":[{"id":266213,"href":"https:\/\/ami.mr\/fr\/wp-json\/wp\/v2\/posts\/266208\/revisions\/266213"}],"wp:featuredmedia":[{"embeddable":true,"href":"https:\/\/ami.mr\/fr\/wp-json\/wp\/v2\/media\/266209"}],"wp:attachment":[{"href":"https:\/\/ami.mr\/fr\/wp-json\/wp\/v2\/media?parent=266208"}],"wp:term":[{"taxonomy":"category","embeddable":true,"href":"https:\/\/ami.mr\/fr\/wp-json\/wp\/v2\/categories?post=266208"},{"taxonomy":"post_tag","embeddable":true,"href":"https:\/\/ami.mr\/fr\/wp-json\/wp\/v2\/tags?post=266208"}],"curies":[{"name":"wp","href":"https:\/\/api.w.org\/{rel}","templated":true}]}}