{"id":266115,"date":"2025-02-27T21:32:18","date_gmt":"2025-02-27T21:32:18","guid":{"rendered":"https:\/\/ami.mr\/fr\/?p=266115"},"modified":"2025-02-28T12:29:52","modified_gmt":"2025-02-28T12:29:52","slug":"lancement-de-nouveaux-volets-pour-ameliorer-le-financement-et-la-recherche-scientifique-a-luniversite-de-nouakchott","status":"publish","type":"post","link":"https:\/\/ami.mr\/fr\/archives\/266115","title":{"rendered":"Lancement de nouveaux volets pour am\u00e9liorer le financement et la recherche scientifique \u00e0 l&#8217;Universit\u00e9 de Nouakchott"},"content":{"rendered":"<p>L&#8217;Universit\u00e9 de Nouakchott a lanc\u00e9 jeudi, trois nouvelles composantes cr\u00e9\u00e9es dans le cadre du projet d&#8217;am\u00e9lioration du financement et de la recherche scientifique \u00e0 l&#8217;Universit\u00e9 de Nouakchott (FIER-UN).<\/p>\n<p>L&#8217;universit\u00e9 vise, \u00e0 travers le lancement de cette activit\u00e9, \u00e0 s&#8217;ouvrir sur son environnement \u00e9conomique et social, \u00e0 sortir de la monotonie traditionnelle et \u00e0 entrer dans le monde de l&#8217;\u00e9conomie et de la finance en introduisant son expertise et ses capacit\u00e9s disponibles pour les mettre \u00e0 la disposition des institutions \u00e9conomiques, financi\u00e8res et sociales aux niveaux national et r\u00e9gional.<\/p>\n<p>Dans son discours de circonstance, le ministre de l&#8217;Enseignement Sup\u00e9rieur et de la Recherche Scientifique, M. Yacoub Ould Moine, a soulign\u00e9 l&#8217;importance de cet \u00e9v\u00e9nement, qui intervient \u00e0 un moment o\u00f9 l&#8217;enseignement sup\u00e9rieur conna\u00eet de nombreuses r\u00e9alisations au profit des \u00e9tudiants, notamment l&#8217;augmentation du nombre de bourses \u00e0 diff\u00e9rents niveaux, en plus de la fourniture d&#8217;une assurance maladie \u00e0 tous les \u00e9tudiants.<\/p>\n<p>Il a indiqu\u00e9 que l&#8217;int\u00e9r\u00eat que porte son Excellence le Pr\u00e9sident de la R\u00e9publique, M. Mohamed Ould Cheikh El Ghazouani au secteur de l&#8217;\u00e9ducation en g\u00e9n\u00e9ral, et \u00e0 l&#8217;enseignement sup\u00e9rieur et \u00e0 la recherche scientifique en particulier, exige que chacun s&#8217;adapte aux besoins du march\u00e9 avec une formation appropri\u00e9e, ajoutant que le minist\u00e8re a commenc\u00e9 \u00e0 mettre en \u0153uvre cette tendance en proc\u00e9dant \u00e0 des r\u00e9formes structurelles \u00e0 l&#8217;Ecole Sup\u00e9rieure d&#8217;Enseignement, dans le but de suivre le rythme de l&#8217;Ecole R\u00e9publicaine et de soutenir le cadre humain, la transformation de l&#8217;Institut Universitaire Professionnel en Institut Sup\u00e9rieur d&#8217;Ing\u00e9nierie Industrielle, et le lancement effectif de la formation \u00e0 l&#8217;Ecole Sup\u00e9rieure de Commerce de Nouakchott.<\/p>\n<p>Le ministre a \u00e9voqu\u00e9 le lancement de nouvelles structures d&#8217;enseignement sup\u00e9rieur dans le pays, \u00e0 l&#8217;instar de l&#8217;Universit\u00e9 de Nouadhibou, et les travaux visant \u00e0 doter le pays d&#8217;infrastructures appropri\u00e9es dot\u00e9es d&#8217;\u00e9quipements de derni\u00e8re g\u00e9n\u00e9ration, qui ont permis aux \u00e9tablissements nationaux d&#8217;accueillir &#8211; pour la premi\u00e8re fois dans l&#8217;histoire du pays &#8211; tous les bacheliers, et de fournir les moyens n\u00e9cessaires pour autonomiser les \u00e9tudiants et leur cr\u00e9er des conditions appropri\u00e9es.<\/p>\n<p>Dans le cadre des r\u00e9formes men\u00e9es par le secteur, le ministre de l\u2019Enseignement Sup\u00e9rieur a confirm\u00e9 que l\u2019Universit\u00e9 de Nouakchott a connu la cr\u00e9ation de trois nouvelles composantes visant \u00e0 permettre \u00e0 l\u2019universit\u00e9 avec ses moyens propres de d\u00e9velopper une offre de formation, en impliquant tout le monde afin de maintenir la formation au niveau des besoins du march\u00e9, et de mettre la recherche scientifique au service efficace de l\u2019environnement \u00e9conomique et social avec la participation directe des acteurs \u00e9conomiques et sociaux, et en b\u00e9n\u00e9ficiant des ressources disponibles \u00e0 l\u2019universit\u00e9, en coop\u00e9ration avec l\u2019ambassade de France \u00e0 Nouakchott dans le cadre du projet \u00ab Am\u00e9lioration du financement et de la recherche scientifique \u00e0 l\u2019Universit\u00e9 de Nouakchott \u00bb.<\/p>\n<p>Le pr\u00e9sident de l&#8217;Universit\u00e9 de Nouakchott, M. Ali Mohamed Salem El Boukhari, avait auparavant prononc\u00e9 une allocution dans laquelle il a soulign\u00e9 que cette rencontre constitue un \u00e9v\u00e9nement important dans l&#8217;histoire de son institution, car elle contribuera \u00e0 l&#8217;ouverture aux organismes actifs dans les domaines financier, \u00e9conomique et social, en leur fournissant l&#8217;expertise dont ils ont besoin dans leurs sp\u00e9cialisations, \u00e9tant donn\u00e9 que l&#8217;universit\u00e9 dispose de nombreuses capacit\u00e9s pouvant fournir les services requis dans ce domaine.<\/p>\n<p>Il a pr\u00e9cis\u00e9 que le lancement des nouvelles structures de l&#8217;universit\u00e9 s&#8217;inscrit dans le cadre du projet FIER, financ\u00e9 par l&#8217;ambassade de France, ajoutant que ce projet ambitieux r\u00e9pond aux d\u00e9fis actuels auxquels sont confront\u00e9s l&#8217;enseignement sup\u00e9rieur, la recherche scientifique et le d\u00e9veloppement social et \u00e9conomique.<\/p>\n<p>A son tour, l&#8217;ambassadeur de France en Mauritanie, SEM. Alexandre Garcia, a appr\u00e9ci\u00e9 l\u2019annonce du lancement des composantes les plus importantes de l&#8217;universit\u00e9, notamment celles li\u00e9es aux domaines \u00e9conomique et social, qui lui permettent de jouer son r\u00f4le dans son environnement scientifique, \u00e9conomique et financier.<\/p>\n<p>Il a indiqu\u00e9 que ce projet portera sur la valorisation et le financement de la recherche scientifique produite en Mauritanie, et contribuera \u00e0 exploiter les ressources productives et les comp\u00e9tences existantes qui n&#8217;ont pas \u00e9t\u00e9 suffisamment exploit\u00e9es, ajoutant qu&#8217;il permettra \u00e0 l&#8217;Universit\u00e9 de Nouakchott de se doter de ces trois structures et de renforcer son r\u00f4le dans l&#8217;avenir.<\/p>\n","protected":false},"excerpt":{"rendered":"<p>L&#8217;Universit\u00e9 de Nouakchott a lanc\u00e9 jeudi, trois nouvelles composantes cr\u00e9\u00e9es dans le cadre du projet d&#8217;am\u00e9lioration du financement et de la recherche scientifique \u00e0 l&#8217;Universit\u00e9 de Nouakchott (FIER-UN). L&#8217;universit\u00e9 vise, \u00e0 travers le lancement de cette activit\u00e9, \u00e0 s&#8217;ouvrir sur son environnement \u00e9conomique et social, \u00e0 sortir de la monotonie traditionnelle et \u00e0 entrer dans [&hellip;]<\/p>\n","protected":false},"author":5,"featured_media":266116,"comment_status":"open","ping_status":"open","sticky":false,"template":"","format":"standard","meta":{"footnotes":""},"categories":[63920,63919,104,63957,63924],"tags":[],"class_list":["post-266115","post","type-post","status-publish","format-standard","has-post-thumbnail","hentry","category-a-la-une","category-choix-du-redacteur","category-104","category-fil-dactualite","category-slider-culture"],"_links":{"self":[{"href":"https:\/\/ami.mr\/fr\/wp-json\/wp\/v2\/posts\/266115","targetHints":{"allow":["GET"]}}],"collection":[{"href":"https:\/\/ami.mr\/fr\/wp-json\/wp\/v2\/posts"}],"about":[{"href":"https:\/\/ami.mr\/fr\/wp-json\/wp\/v2\/types\/post"}],"author":[{"embeddable":true,"href":"https:\/\/ami.mr\/fr\/wp-json\/wp\/v2\/users\/5"}],"replies":[{"embeddable":true,"href":"https:\/\/ami.mr\/fr\/wp-json\/wp\/v2\/comments?post=266115"}],"version-history":[{"count":1,"href":"https:\/\/ami.mr\/fr\/wp-json\/wp\/v2\/posts\/266115\/revisions"}],"predecessor-version":[{"id":266118,"href":"https:\/\/ami.mr\/fr\/wp-json\/wp\/v2\/posts\/266115\/revisions\/266118"}],"wp:featuredmedia":[{"embeddable":true,"href":"https:\/\/ami.mr\/fr\/wp-json\/wp\/v2\/media\/266116"}],"wp:attachment":[{"href":"https:\/\/ami.mr\/fr\/wp-json\/wp\/v2\/media?parent=266115"}],"wp:term":[{"taxonomy":"category","embeddable":true,"href":"https:\/\/ami.mr\/fr\/wp-json\/wp\/v2\/categories?post=266115"},{"taxonomy":"post_tag","embeddable":true,"href":"https:\/\/ami.mr\/fr\/wp-json\/wp\/v2\/tags?post=266115"}],"curies":[{"name":"wp","href":"https:\/\/api.w.org\/{rel}","templated":true}]}}