{"id":266071,"date":"2025-02-27T18:27:15","date_gmt":"2025-02-27T18:27:15","guid":{"rendered":"https:\/\/ami.mr\/fr\/?p=266071"},"modified":"2025-02-27T18:27:15","modified_gmt":"2025-02-27T18:27:15","slug":"le-ministre-des-mines-et-de-lindustrie-recoit-lambassadeur-de-france","status":"publish","type":"post","link":"https:\/\/ami.mr\/fr\/archives\/266071","title":{"rendered":"Le ministre des Mines et de l&#8217;Industrie re\u00e7oit l&#8217;ambassadeur de France"},"content":{"rendered":"<p>Le ministre des Mines et de l&#8217;Industrie, M. Thiam Tijani, a re\u00e7u aujourd&#8217;hui, jeudi, \u00e0 Nouakchott, l&#8217;ambassadeur de France accr\u00e9dit\u00e9 en Mauritanie, M. Alexandre Garcia.<\/p>\n<p>L\u2019entrevue a port\u00e9 sur les relations de coop\u00e9ration entre les deux pays et sur les moyens de les renforcer et de les d\u00e9velopper, notamment dans les domaines de l&#8217;industrie et des mines.<\/p>\n<p>L\u2019audience s&#8217;est d\u00e9roul\u00e9e en pr\u00e9sence du secr\u00e9taire g\u00e9n\u00e9ral du minist\u00e8re et d&#8217;un certain nombre de responsables du d\u00e9partement.<\/p>\n","protected":false},"excerpt":{"rendered":"<p>Le ministre des Mines et de l&#8217;Industrie, M. Thiam Tijani, a re\u00e7u aujourd&#8217;hui, jeudi, \u00e0 Nouakchott, l&#8217;ambassadeur de France accr\u00e9dit\u00e9 en Mauritanie, M. Alexandre Garcia. L\u2019entrevue a port\u00e9 sur les relations de coop\u00e9ration entre les deux pays et sur les moyens de les renforcer et de les d\u00e9velopper, notamment dans les domaines de l&#8217;industrie et [&hellip;]<\/p>\n","protected":false},"author":5,"featured_media":266072,"comment_status":"open","ping_status":"open","sticky":false,"template":"","format":"standard","meta":{"footnotes":""},"categories":[63918,63957,63959,63927],"tags":[],"class_list":["post-266071","post","type-post","status-publish","format-standard","has-post-thumbnail","hentry","category-autres","category-fil-dactualite","category-mauritanie","category-slider-mauritanie"],"_links":{"self":[{"href":"https:\/\/ami.mr\/fr\/wp-json\/wp\/v2\/posts\/266071","targetHints":{"allow":["GET"]}}],"collection":[{"href":"https:\/\/ami.mr\/fr\/wp-json\/wp\/v2\/posts"}],"about":[{"href":"https:\/\/ami.mr\/fr\/wp-json\/wp\/v2\/types\/post"}],"author":[{"embeddable":true,"href":"https:\/\/ami.mr\/fr\/wp-json\/wp\/v2\/users\/5"}],"replies":[{"embeddable":true,"href":"https:\/\/ami.mr\/fr\/wp-json\/wp\/v2\/comments?post=266071"}],"version-history":[{"count":1,"href":"https:\/\/ami.mr\/fr\/wp-json\/wp\/v2\/posts\/266071\/revisions"}],"predecessor-version":[{"id":266073,"href":"https:\/\/ami.mr\/fr\/wp-json\/wp\/v2\/posts\/266071\/revisions\/266073"}],"wp:featuredmedia":[{"embeddable":true,"href":"https:\/\/ami.mr\/fr\/wp-json\/wp\/v2\/media\/266072"}],"wp:attachment":[{"href":"https:\/\/ami.mr\/fr\/wp-json\/wp\/v2\/media?parent=266071"}],"wp:term":[{"taxonomy":"category","embeddable":true,"href":"https:\/\/ami.mr\/fr\/wp-json\/wp\/v2\/categories?post=266071"},{"taxonomy":"post_tag","embeddable":true,"href":"https:\/\/ami.mr\/fr\/wp-json\/wp\/v2\/tags?post=266071"}],"curies":[{"name":"wp","href":"https:\/\/api.w.org\/{rel}","templated":true}]}}