{"id":265969,"date":"2025-02-26T11:12:47","date_gmt":"2025-02-26T11:12:47","guid":{"rendered":"https:\/\/ami.mr\/fr\/?p=265969"},"modified":"2025-02-26T12:51:09","modified_gmt":"2025-02-26T12:51:09","slug":"lambassade-du-koweit-organise-une-reception-a-loccasion-du-64eme-anniversaire-de-la-fete-nationale-du-koweit","status":"publish","type":"post","link":"https:\/\/ami.mr\/fr\/archives\/265969","title":{"rendered":"L&#8217;ambassade du Kowe\u00eft organise une r\u00e9ception \u00e0 l&#8217;occasion du 64\u00e8me anniversaire de la f\u00eate nationale du Kowe\u00eft"},"content":{"rendered":"<p>L&#8217;ambassade de l&#8217;Etat du Kowe\u00eft a organis\u00e9 mardi soir \u00e0 l&#8217;h\u00f4tel Azalay \u00e0 Nouakchott, une r\u00e9ception \u00e0 l&#8217;occasion du 64\u00e8me anniversaire de la f\u00eate nationale de l\u2019\u00c9tat du Kowe\u00eft.<\/p>\n<p>Le gouvernement \u00e9tait repr\u00e9sent\u00e9 par le ministre des affaires \u00e9trang\u00e8res, de la coop\u00e9ration africaine et des mauritaniens de l&#8217;ext\u00e9rieur M. Mohamed Salem Ould Merzoug, le ministre d\u00e9l\u00e9gu\u00e9 aupr\u00e8s du ministre de l&#8217;\u00e9conomie et des finances charg\u00e9 du budget M. Codioro N\u2019guenor Moussa, M. Ahmed Salem Ould Mohamed Vadel, charg\u00e9 de mission \u00e0 la pr\u00e9sidence de la R\u00e9publique et la conseill\u00e8re du Premier ministre charg\u00e9e des affaires politiques Mme Hindou Mint A\u00efnina.<\/p>\n<p>Dans une allocution prononc\u00e9e \u00e0 cette occasion, l&#8217;ambassadeur de l\u2019\u00c9tat du Kowe\u00eft accr\u00e9dit\u00e9 en Mauritanie, S.E. M. Ebdah Makaad. Dowsseri, a soulign\u00e9 que l&#8217;organisation de cette c\u00e9r\u00e9monie en Mauritanie est une preuve \u00e9vidente de la profondeur des relations bilat\u00e9rales entre les deux pays fr\u00e8res.<\/p>\n<p>Ces relations reposent sur des bases solides de respect mutuel et de coop\u00e9ration constructive, a-t-il dit, ajoutant qu&#8217;elles ont connu un d\u00e9veloppement remarquable dans divers domaines.<\/p>\n<p>Les deux pays fr\u00e8res partagent une histoire commune et des vues identiques sur les questions r\u00e9gionales et internationales, notamment celles li\u00e9es aux questions arabes, en particulier la cause palestinienne, a-t-il dit.<\/p>\n<p>Il a soulign\u00e9 que ce qui unit la Mauritanie et le Kowe\u00eft est plus que des relations diplomatiques, mais un lien fraternel bas\u00e9 sur la solidarit\u00e9 et la coop\u00e9ration dans divers domaines.<\/p>\n<p>La r\u00e9ception s&#8217;est d\u00e9roul\u00e9e en pr\u00e9sence de l&#8217;ambassadeur Directeur G\u00e9n\u00e9ral de la Coop\u00e9ration bilat\u00e9rale au minist\u00e8re des Affaires \u00c9trang\u00e8res, de la Coop\u00e9ration Africaine et des Mauritaniens de l&#8217;Ext\u00e9rieur, M. Mohamed El Hanchi Kettab, de l&#8217;ambassadeur Directeur du Monde Arabe \u00e0 la Direction G\u00e9n\u00e9rale de la Coop\u00e9ration Bilat\u00e9rale, M. Omar Mohamed Babou, de l&#8217;Ambassadeur Directeur de l&#8217;Information et de la Communication, M. Ahmed Mohamed Douh, et de l&#8217;Ambassadeur Directeur du protocole, M. Mohamed Baba Ali Mahmoud, ainsi que de plusieurs ambassadeurs, chefs de missions diplomatiques et consulaires, d&#8217;organisations internationales, et de personnalit\u00e9s culturelles et religieuses.<\/p>\n","protected":false},"excerpt":{"rendered":"<p>L&#8217;ambassade de l&#8217;Etat du Kowe\u00eft a organis\u00e9 mardi soir \u00e0 l&#8217;h\u00f4tel Azalay \u00e0 Nouakchott, une r\u00e9ception \u00e0 l&#8217;occasion du 64\u00e8me anniversaire de la f\u00eate nationale de l\u2019\u00c9tat du Kowe\u00eft. Le gouvernement \u00e9tait repr\u00e9sent\u00e9 par le ministre des affaires \u00e9trang\u00e8res, de la coop\u00e9ration africaine et des mauritaniens de l&#8217;ext\u00e9rieur M. Mohamed Salem Ould Merzoug, le ministre [&hellip;]<\/p>\n","protected":false},"author":17,"featured_media":265970,"comment_status":"open","ping_status":"open","sticky":false,"template":"","format":"standard","meta":{"footnotes":""},"categories":[63920,63957,63959],"tags":[],"class_list":["post-265969","post","type-post","status-publish","format-standard","has-post-thumbnail","hentry","category-a-la-une","category-fil-dactualite","category-mauritanie"],"_links":{"self":[{"href":"https:\/\/ami.mr\/fr\/wp-json\/wp\/v2\/posts\/265969","targetHints":{"allow":["GET"]}}],"collection":[{"href":"https:\/\/ami.mr\/fr\/wp-json\/wp\/v2\/posts"}],"about":[{"href":"https:\/\/ami.mr\/fr\/wp-json\/wp\/v2\/types\/post"}],"author":[{"embeddable":true,"href":"https:\/\/ami.mr\/fr\/wp-json\/wp\/v2\/users\/17"}],"replies":[{"embeddable":true,"href":"https:\/\/ami.mr\/fr\/wp-json\/wp\/v2\/comments?post=265969"}],"version-history":[{"count":1,"href":"https:\/\/ami.mr\/fr\/wp-json\/wp\/v2\/posts\/265969\/revisions"}],"predecessor-version":[{"id":265971,"href":"https:\/\/ami.mr\/fr\/wp-json\/wp\/v2\/posts\/265969\/revisions\/265971"}],"wp:featuredmedia":[{"embeddable":true,"href":"https:\/\/ami.mr\/fr\/wp-json\/wp\/v2\/media\/265970"}],"wp:attachment":[{"href":"https:\/\/ami.mr\/fr\/wp-json\/wp\/v2\/media?parent=265969"}],"wp:term":[{"taxonomy":"category","embeddable":true,"href":"https:\/\/ami.mr\/fr\/wp-json\/wp\/v2\/categories?post=265969"},{"taxonomy":"post_tag","embeddable":true,"href":"https:\/\/ami.mr\/fr\/wp-json\/wp\/v2\/tags?post=265969"}],"curies":[{"name":"wp","href":"https:\/\/api.w.org\/{rel}","templated":true}]}}