{"id":265953,"date":"2025-02-25T22:22:28","date_gmt":"2025-02-25T22:22:28","guid":{"rendered":"https:\/\/ami.mr\/fr\/?p=265953"},"modified":"2025-02-25T22:22:28","modified_gmt":"2025-02-25T22:22:28","slug":"le-ministre-de-la-culture-recoit-le-directeur-general-de-lagence-algerienne-de-cooperation-internationale-pour-la-solidarite-et-le-developpement","status":"publish","type":"post","link":"https:\/\/ami.mr\/fr\/archives\/265953","title":{"rendered":"Le ministre de la culture re\u00e7oit le directeur g\u00e9n\u00e9ral de l&#8217;Agence alg\u00e9rienne de coop\u00e9ration internationale pour la solidarit\u00e9 et le d\u00e9veloppement"},"content":{"rendered":"<p>Le ministre de la culture, des arts, de la communication et des relations avec le parlement, M. El Houssein Ould Medou, a re\u00e7u, mardi soir, le directeur g\u00e9n\u00e9ral de l&#8217;Agence alg\u00e9rienne de coop\u00e9ration internationale pour la solidarit\u00e9 et le d\u00e9veloppement, actuellement en visite dans le pays.<\/p>\n<p>La r\u00e9union a port\u00e9 sur les diff\u00e9rents aspects de la coop\u00e9ration dans les domaines de sp\u00e9cialisation du secteur, et le ministre a fait une pr\u00e9sentation d\u00e9taill\u00e9e des projets sur lesquels le secteur travaille.<\/p>\n<p>La r\u00e9union s&#8217;est d\u00e9roul\u00e9e en pr\u00e9sence de S.E. l&#8217;Ambassadeur de notre pays aupr\u00e8s de la R\u00e9publique Alg\u00e9rienne D\u00e9mocratique et Populaire, M. Sidi Mohamed Abdallah, du Premier Conseiller de l&#8217;Ambassade d&#8217;Alg\u00e9rie \u00e0 Nouakchott, M. Mohamed Karim, et du Directeur de la Coop\u00e9ration et des Relations Ext\u00e9rieures au Minist\u00e8re de la Culture, M. Haddemaloum Ould Baba.<\/p>\n","protected":false},"excerpt":{"rendered":"<p>Le ministre de la culture, des arts, de la communication et des relations avec le parlement, M. El Houssein Ould Medou, a re\u00e7u, mardi soir, le directeur g\u00e9n\u00e9ral de l&#8217;Agence alg\u00e9rienne de coop\u00e9ration internationale pour la solidarit\u00e9 et le d\u00e9veloppement, actuellement en visite dans le pays. La r\u00e9union a port\u00e9 sur les diff\u00e9rents aspects de [&hellip;]<\/p>\n","protected":false},"author":10,"featured_media":265954,"comment_status":"open","ping_status":"open","sticky":false,"template":"","format":"standard","meta":{"footnotes":""},"categories":[63918,63957,63959],"tags":[],"class_list":["post-265953","post","type-post","status-publish","format-standard","has-post-thumbnail","hentry","category-autres","category-fil-dactualite","category-mauritanie"],"_links":{"self":[{"href":"https:\/\/ami.mr\/fr\/wp-json\/wp\/v2\/posts\/265953","targetHints":{"allow":["GET"]}}],"collection":[{"href":"https:\/\/ami.mr\/fr\/wp-json\/wp\/v2\/posts"}],"about":[{"href":"https:\/\/ami.mr\/fr\/wp-json\/wp\/v2\/types\/post"}],"author":[{"embeddable":true,"href":"https:\/\/ami.mr\/fr\/wp-json\/wp\/v2\/users\/10"}],"replies":[{"embeddable":true,"href":"https:\/\/ami.mr\/fr\/wp-json\/wp\/v2\/comments?post=265953"}],"version-history":[{"count":1,"href":"https:\/\/ami.mr\/fr\/wp-json\/wp\/v2\/posts\/265953\/revisions"}],"predecessor-version":[{"id":265955,"href":"https:\/\/ami.mr\/fr\/wp-json\/wp\/v2\/posts\/265953\/revisions\/265955"}],"wp:featuredmedia":[{"embeddable":true,"href":"https:\/\/ami.mr\/fr\/wp-json\/wp\/v2\/media\/265954"}],"wp:attachment":[{"href":"https:\/\/ami.mr\/fr\/wp-json\/wp\/v2\/media?parent=265953"}],"wp:term":[{"taxonomy":"category","embeddable":true,"href":"https:\/\/ami.mr\/fr\/wp-json\/wp\/v2\/categories?post=265953"},{"taxonomy":"post_tag","embeddable":true,"href":"https:\/\/ami.mr\/fr\/wp-json\/wp\/v2\/tags?post=265953"}],"curies":[{"name":"wp","href":"https:\/\/api.w.org\/{rel}","templated":true}]}}