{"id":265943,"date":"2025-02-25T21:43:02","date_gmt":"2025-02-25T21:43:02","guid":{"rendered":"https:\/\/ami.mr\/fr\/?p=265943"},"modified":"2025-02-25T21:53:36","modified_gmt":"2025-02-25T21:53:36","slug":"la-commissaire-a-la-securite-alimentaire-rencontre-lassociation-des-maires-de-mauritanie","status":"publish","type":"post","link":"https:\/\/ami.mr\/fr\/archives\/265943","title":{"rendered":"La Commissaire \u00e0 la S\u00e9curit\u00e9 Alimentaire rencontre l&#8217;Association des Maires de Mauritanie"},"content":{"rendered":"<div class=\"cell size-p10 padding20 no-padding-left no-padding-right no-padding-bottom\"><\/div>\n<p>La commissaire \u00e0 la s\u00e9curit\u00e9 alimentaire, Mme Fatimetou Mint Khattri, accompagn\u00e9e du ministre d\u00e9l\u00e9gu\u00e9 aupr\u00e8s du ministre de l&#8217;int\u00e9rieur, de la Promotion de la d\u00e9centralisation et du d\u00e9veloppement local, M. Yacoub Ould Salem Vall, a tenu, mardi, \u00e0 Nouakchott, une r\u00e9union avec l&#8217;association des maires de Mauritanie et les pr\u00e9sidents des associations r\u00e9gionales des maires.<\/p>\n<div class=\"cell auto-size\">\n<div class=\"set-border bd-gray padding10 margin10 no-margin-right no-margin-left \" dir=\"ltr\">\n<p>La rencontre vise \u00e0 discuter des perspectives de partenariat entre le Commissariat et les communes, \u00e0 fournir des observations et des suggestions visant \u00e0 am\u00e9liorer le rendement de l&#8217;institution, et \u00e0 informer l&#8217;\u00e9lectorat local sur les missions et les objectifs du CSA, le bilan de ses travaux au cours du premier mandat du Pr\u00e9sident de la R\u00e9publique, Mohamed Ould Cheikh El-Ghazouani.<\/p>\n<p>Dans un discours prononc\u00e9 \u00e0 cette occasion, la Commissaire a d\u00e9clar\u00e9 que la r\u00e9union est l&#8217;occasion de discuter des perspectives de partenariat entre le CSA et les municipalit\u00e9s, afin de s&#8217;assurer que les services fournis par le Commissariat parviennent aux citoyens dans les meilleures conditions, et en partenariat \u00e9troit avec les organes \u00e9lus, en particulier les maires et les conseils municipaux.<\/p>\n<p>Elle a ajout\u00e9 que cette r\u00e9union constitue une \u00e9tape importante dans le processus d&#8217;\u00e9valuation et de suivi, visant \u00e0 renforcer le r\u00f4le des \u00e9lus en g\u00e9n\u00e9ral et des communes en particulier, en tant que lien le plus \u00e9troit avec les citoyens, dans le cadre du renforcement du partenariat et de la r\u00e9vision des programmes et activit\u00e9s mis en \u0153uvre au profit des citoyens sur l&#8217;ensemble du territoire national.<\/p>\n<p>Elle a pr\u00e9cis\u00e9 que cette rencontre s&#8217;inscrit dans le cadre de la mise en \u0153uvre des directives du Pr\u00e9sident de la R\u00e9publique visant la dynamisation de la d\u00e9centralisation et l&#8217;implication des \u00e9lus dans la conception et le suivi des projets et programmes gouvernementaux mis en \u0153uvre au profit des citoyens sur l&#8217;ensemble du territoire national, ce \u00e0 quoi s&#8217;emploie le gouvernement de S.E. le Premier ministre, soucieux d&#8217;impliquer les \u00e9lus et d&#8217;\u00eatre \u00e0 leur \u00e9coute pour pr\u00e9parer une approche de d\u00e9veloppement efficace.<\/p>\n<p>Pour sa part, le ministre d\u00e9l\u00e9gu\u00e9 aupr\u00e8s du ministre de l&#8217;int\u00e9rieur et de la promotion de la d\u00e9centralisation et du d\u00e9veloppement local, a mis l&#8217;accent sur la n\u00e9cessit\u00e9 de l&#8217;\u00e9valuation et du suivi des programmes mis en \u0153uvre, r\u00f4le qui devrait \u00eatre jou\u00e9 par les maires dans le cadre du renforcement de la d\u00e9centralisation et de l&#8217;am\u00e9lioration des performances, soulignant l&#8217;intention du minist\u00e8re de d\u00e9velopper un m\u00e9canisme de coordination des interventions du gouvernement au niveau des wilayas et des collectivit\u00e9s locales.<\/p>\n<p>Il s&#8217;est f\u00e9licit\u00e9 de cette deuxi\u00e8me rencontre du genre qui r\u00e9unit le Commissariat et le secteur de l&#8217;int\u00e9rieur et de la d\u00e9centralisation pour pr\u00e9senter les activit\u00e9s du CSA et \u00e9changer les points de vue sur les moyens les plus efficaces de mettre en \u0153uvre ses programmes. Il a not\u00e9 que cette d\u00e9marche s&#8217;inscrit dans le cadre de l&#8217;approche de la d\u00e9centralisation et du d\u00e9veloppement local adopt\u00e9e par le Pr\u00e9sident de la R\u00e9publique en tant que choix strat\u00e9gique irr\u00e9versible.<\/p>\n<p>La vice-pr\u00e9sidente de l&#8217;Association des maires de Mauritanie, Mme Aliya Mint Menkouss, a exprim\u00e9 l&#8217;attachement de l&#8217;Association \u00e0 ce que les maires jouent pleinement leur r\u00f4le dans le d\u00e9veloppement local, soulignant l&#8217;urgence de renforcer le r\u00f4le des \u00e9lus locaux, en les associant \u00e0 la conception et au suivi des programmes et activit\u00e9s mis en \u0153uvre au profit des citoyens.<\/p>\n<p>Elle a fait l&#8217;\u00e9loge de la nouvelle directive visant \u00e0 impliquer et \u00e0 \u00e9couter les \u00e9lus et a appr\u00e9ci\u00e9 le r\u00f4le jou\u00e9 par le CSA, qui a un impact positif sur la vie des citoyens.<\/p>\n<p>La r\u00e9union a \u00e9t\u00e9 entrecoup\u00e9e de pr\u00e9sentations et d&#8217;interventions sur les r\u00e9sultats des travaux du CSA. Les participants ont visionn\u00e9 un documentaire r\u00e9sumant les r\u00e9sultats de ses travaux et ont assist\u00e9 aux interventions des responsables des associations de maires, qui ont mis l&#8217;accent sur l&#8217;importance de la r\u00e9union et sur le renforcement du partenariat entre le CSA et les communes, tout en formulant des observations et des suggestions visant \u00e0 accro\u00eetre l&#8217;efficacit\u00e9 des programmes mis en \u0153uvre.<\/p>\n<p>La r\u00e9union s&#8217;est d\u00e9roul\u00e9e en pr\u00e9sence du Commissaire Adjoint \u00e0 la S\u00e9curit\u00e9 Alimentaire, M. Limam Ould Abdawa, du Secr\u00e9taire g\u00e9n\u00e9ral de l&#8217;Association des Maires de Mauritanie et d&#8217;un certain nombre d&#8217;agents du Commissariat \u00e0 la S\u00e9curit\u00e9 Alimentaire.<\/p>\n<\/div>\n<\/div>\n","protected":false},"excerpt":{"rendered":"<p>La commissaire \u00e0 la s\u00e9curit\u00e9 alimentaire, Mme Fatimetou Mint Khattri, accompagn\u00e9e du ministre d\u00e9l\u00e9gu\u00e9 aupr\u00e8s du ministre de l&#8217;int\u00e9rieur, de la Promotion de la d\u00e9centralisation et du d\u00e9veloppement local, M. Yacoub Ould Salem Vall, a tenu, mardi, \u00e0 Nouakchott, une r\u00e9union avec l&#8217;association des maires de Mauritanie et les pr\u00e9sidents des associations r\u00e9gionales des maires. [&hellip;]<\/p>\n","protected":false},"author":10,"featured_media":265944,"comment_status":"open","ping_status":"open","sticky":false,"template":"","format":"standard","meta":{"footnotes":""},"categories":[63920,63957,63959],"tags":[],"class_list":["post-265943","post","type-post","status-publish","format-standard","has-post-thumbnail","hentry","category-a-la-une","category-fil-dactualite","category-mauritanie"],"_links":{"self":[{"href":"https:\/\/ami.mr\/fr\/wp-json\/wp\/v2\/posts\/265943","targetHints":{"allow":["GET"]}}],"collection":[{"href":"https:\/\/ami.mr\/fr\/wp-json\/wp\/v2\/posts"}],"about":[{"href":"https:\/\/ami.mr\/fr\/wp-json\/wp\/v2\/types\/post"}],"author":[{"embeddable":true,"href":"https:\/\/ami.mr\/fr\/wp-json\/wp\/v2\/users\/10"}],"replies":[{"embeddable":true,"href":"https:\/\/ami.mr\/fr\/wp-json\/wp\/v2\/comments?post=265943"}],"version-history":[{"count":2,"href":"https:\/\/ami.mr\/fr\/wp-json\/wp\/v2\/posts\/265943\/revisions"}],"predecessor-version":[{"id":265949,"href":"https:\/\/ami.mr\/fr\/wp-json\/wp\/v2\/posts\/265943\/revisions\/265949"}],"wp:featuredmedia":[{"embeddable":true,"href":"https:\/\/ami.mr\/fr\/wp-json\/wp\/v2\/media\/265944"}],"wp:attachment":[{"href":"https:\/\/ami.mr\/fr\/wp-json\/wp\/v2\/media?parent=265943"}],"wp:term":[{"taxonomy":"category","embeddable":true,"href":"https:\/\/ami.mr\/fr\/wp-json\/wp\/v2\/categories?post=265943"},{"taxonomy":"post_tag","embeddable":true,"href":"https:\/\/ami.mr\/fr\/wp-json\/wp\/v2\/tags?post=265943"}],"curies":[{"name":"wp","href":"https:\/\/api.w.org\/{rel}","templated":true}]}}