{"id":265633,"date":"2025-02-21T21:27:30","date_gmt":"2025-02-21T21:27:30","guid":{"rendered":"https:\/\/ami.mr\/fr\/?p=265633"},"modified":"2025-02-21T21:27:30","modified_gmt":"2025-02-21T21:27:30","slug":"la-mauritanie-signe-un-accord-de-financement-avec-lunion-mondiale-de-la-nature-pour-le-projet-de-gestion-integree-des-zones-humides","status":"publish","type":"post","link":"https:\/\/ami.mr\/fr\/archives\/265633","title":{"rendered":"La Mauritanie signe un accord de financement avec l&#8217;Union mondiale de la nature pour le projet de gestion int\u00e9gr\u00e9e des zones humides"},"content":{"rendered":"<p>La ministre de l&#8217;environnement et du d\u00e9veloppement durable, Mme Messaouda Mint Baham Ould Mohamed Laghdhaf, a sign\u00e9, vendredi, \u00e0 distance avec l&#8217;Union mondiale pour la nature (WWF), une convention de financement pour le projet de gestion int\u00e9gr\u00e9e des zones humides en Mauritanie.<\/p>\n<p>Ce projet de 5,3 millions de dollars US, financ\u00e9 par une subvention du Fonds pour l&#8217;environnement mondial (FEM), vise \u00e0 restaurer et prot\u00e9ger les zones humides des r\u00e9gions de Maal et Jalawar au Brakana et Karakoro au Guidimagha, \u00e0 prot\u00e9ger leurs \u00e9cosyst\u00e8mes, \u00e0 pr\u00e9server leur biodiversit\u00e9 et \u00e0 renforcer la r\u00e9silience des communaut\u00e9s locales face au changement climatique.<\/p>\n<p>L&#8217;Agence nationale de la Grande Muraille verte met en \u0153uvre ce projet en partenariat avec l&#8217;Union internationale pour la conservation de la nature (UICN) sur une p\u00e9riode de cinq ans (2025-2029), dans le cadre des efforts nationaux visant \u00e0 promouvoir la durabilit\u00e9 environnementale et \u00e0 lutter contre la d\u00e9sertification.<\/p>\n<p>La signature de cette convention co\u00efncide avec les Journ\u00e9es de la Grande Muraille Verte, organis\u00e9es par l&#8217;Agence Nationale de la Grande Muraille Verte pour acc\u00e9l\u00e9rer la mise en \u0153uvre de ses projets et programmes de d\u00e9veloppement, qui ont d\u00e9but\u00e9 hier jeudi \u00e0 Nouakchott.<\/p>\n","protected":false},"excerpt":{"rendered":"<p>La ministre de l&#8217;environnement et du d\u00e9veloppement durable, Mme Messaouda Mint Baham Ould Mohamed Laghdhaf, a sign\u00e9, vendredi, \u00e0 distance avec l&#8217;Union mondiale pour la nature (WWF), une convention de financement pour le projet de gestion int\u00e9gr\u00e9e des zones humides en Mauritanie. Ce projet de 5,3 millions de dollars US, financ\u00e9 par une subvention du [&hellip;]<\/p>\n","protected":false},"author":5,"featured_media":265635,"comment_status":"open","ping_status":"open","sticky":false,"template":"","format":"standard","meta":{"footnotes":""},"categories":[63918,63957,63959,63927],"tags":[],"class_list":["post-265633","post","type-post","status-publish","format-standard","has-post-thumbnail","hentry","category-autres","category-fil-dactualite","category-mauritanie","category-slider-mauritanie"],"_links":{"self":[{"href":"https:\/\/ami.mr\/fr\/wp-json\/wp\/v2\/posts\/265633","targetHints":{"allow":["GET"]}}],"collection":[{"href":"https:\/\/ami.mr\/fr\/wp-json\/wp\/v2\/posts"}],"about":[{"href":"https:\/\/ami.mr\/fr\/wp-json\/wp\/v2\/types\/post"}],"author":[{"embeddable":true,"href":"https:\/\/ami.mr\/fr\/wp-json\/wp\/v2\/users\/5"}],"replies":[{"embeddable":true,"href":"https:\/\/ami.mr\/fr\/wp-json\/wp\/v2\/comments?post=265633"}],"version-history":[{"count":1,"href":"https:\/\/ami.mr\/fr\/wp-json\/wp\/v2\/posts\/265633\/revisions"}],"predecessor-version":[{"id":265637,"href":"https:\/\/ami.mr\/fr\/wp-json\/wp\/v2\/posts\/265633\/revisions\/265637"}],"wp:featuredmedia":[{"embeddable":true,"href":"https:\/\/ami.mr\/fr\/wp-json\/wp\/v2\/media\/265635"}],"wp:attachment":[{"href":"https:\/\/ami.mr\/fr\/wp-json\/wp\/v2\/media?parent=265633"}],"wp:term":[{"taxonomy":"category","embeddable":true,"href":"https:\/\/ami.mr\/fr\/wp-json\/wp\/v2\/categories?post=265633"},{"taxonomy":"post_tag","embeddable":true,"href":"https:\/\/ami.mr\/fr\/wp-json\/wp\/v2\/tags?post=265633"}],"curies":[{"name":"wp","href":"https:\/\/api.w.org\/{rel}","templated":true}]}}