{"id":265486,"date":"2025-02-20T15:51:03","date_gmt":"2025-02-20T15:51:03","guid":{"rendered":"https:\/\/ami.mr\/fr\/?p=265486"},"modified":"2025-02-20T15:53:29","modified_gmt":"2025-02-20T15:53:29","slug":"le-president-de-lassemblee-nationale-quitte-nouakchott-a-destination-du-caire","status":"publish","type":"post","link":"https:\/\/ami.mr\/fr\/archives\/265486","title":{"rendered":"Le pr\u00e9sident de l&#8217;Assembl\u00e9e nationale quitte Nouakchott \u00e0 destination du Caire"},"content":{"rendered":"<div class=\"cell auto-size\">\n<div class=\"set-border bd-gray padding10 margin10 no-margin-right no-margin-left \" dir=\"ltr\">\n<p>Le pr\u00e9sident de l&#8217;Assembl\u00e9e nationale, M. Mohamed Bamba Meguett, a quitt\u00e9 Nouakchott jeudi matin \u00e0 destination du Caire, \u00e0 la t\u00eate d&#8217;une d\u00e9l\u00e9gation parlementaire mauritanienne, afin de participer aux travaux de la septi\u00e8me conf\u00e9rence du Parlement arabe et des pr\u00e9sidents des conseils et parlements arabes, qui se tiendra dans la capitale \u00e9gyptienne, samedi prochain.<\/p>\n<p>Cette r\u00e9union vise \u00e0 soutenir la r\u00e9sistance du peuple palestinien sur sa terre et \u00e0 rejeter les plans de d\u00e9placement forc\u00e9, d&#8217;annexion et de liquidation de la cause palestinienne.<\/p>\n<p>La d\u00e9l\u00e9gation accompagnant le pr\u00e9sident de l&#8217;Assembl\u00e9e nationale est compos\u00e9e des d\u00e9put\u00e9s Mohamed Abderrahmane Sabbar, Mohamed Lemine Sidi Maouloud, El Yakheir Sidi El Mokhtar et Dieynaba Samba Korka, ainsi que de MM. Mohamed Yahya Haye, charg\u00e9 de mission, et Ousmane Camara, directeur de la coop\u00e9ration et du protocole.<\/p>\n<\/div>\n<\/div>\n","protected":false},"excerpt":{"rendered":"<p>Le pr\u00e9sident de l&#8217;Assembl\u00e9e nationale, M. Mohamed Bamba Meguett, a quitt\u00e9 Nouakchott jeudi matin \u00e0 destination du Caire, \u00e0 la t\u00eate d&#8217;une d\u00e9l\u00e9gation parlementaire mauritanienne, afin de participer aux travaux de la septi\u00e8me conf\u00e9rence du Parlement arabe et des pr\u00e9sidents des conseils et parlements arabes, qui se tiendra dans la capitale \u00e9gyptienne, samedi prochain. Cette [&hellip;]<\/p>\n","protected":false},"author":10,"featured_media":265487,"comment_status":"open","ping_status":"open","sticky":false,"template":"","format":"standard","meta":{"footnotes":""},"categories":[63957,25,63921],"tags":[],"class_list":["post-265486","post","type-post","status-publish","format-standard","has-post-thumbnail","hentry","category-fil-dactualite","category-25","category-slider-afficher"],"_links":{"self":[{"href":"https:\/\/ami.mr\/fr\/wp-json\/wp\/v2\/posts\/265486","targetHints":{"allow":["GET"]}}],"collection":[{"href":"https:\/\/ami.mr\/fr\/wp-json\/wp\/v2\/posts"}],"about":[{"href":"https:\/\/ami.mr\/fr\/wp-json\/wp\/v2\/types\/post"}],"author":[{"embeddable":true,"href":"https:\/\/ami.mr\/fr\/wp-json\/wp\/v2\/users\/10"}],"replies":[{"embeddable":true,"href":"https:\/\/ami.mr\/fr\/wp-json\/wp\/v2\/comments?post=265486"}],"version-history":[{"count":1,"href":"https:\/\/ami.mr\/fr\/wp-json\/wp\/v2\/posts\/265486\/revisions"}],"predecessor-version":[{"id":265488,"href":"https:\/\/ami.mr\/fr\/wp-json\/wp\/v2\/posts\/265486\/revisions\/265488"}],"wp:featuredmedia":[{"embeddable":true,"href":"https:\/\/ami.mr\/fr\/wp-json\/wp\/v2\/media\/265487"}],"wp:attachment":[{"href":"https:\/\/ami.mr\/fr\/wp-json\/wp\/v2\/media?parent=265486"}],"wp:term":[{"taxonomy":"category","embeddable":true,"href":"https:\/\/ami.mr\/fr\/wp-json\/wp\/v2\/categories?post=265486"},{"taxonomy":"post_tag","embeddable":true,"href":"https:\/\/ami.mr\/fr\/wp-json\/wp\/v2\/tags?post=265486"}],"curies":[{"name":"wp","href":"https:\/\/api.w.org\/{rel}","templated":true}]}}