{"id":265480,"date":"2025-02-20T15:31:53","date_gmt":"2025-02-20T15:31:53","guid":{"rendered":"https:\/\/ami.mr\/fr\/?p=265480"},"modified":"2025-02-20T15:31:53","modified_gmt":"2025-02-20T15:31:53","slug":"reunion-pour-passer-en-revue-les-projets-finances-dans-le-cadre-du-programme-de-cooperation-inter-regionale-entre-la-mauritanie-et-lespagne-2021-2027","status":"publish","type":"post","link":"https:\/\/ami.mr\/fr\/archives\/265480","title":{"rendered":"R\u00e9union pour passer en revue les projets financ\u00e9s dans le cadre du programme de coop\u00e9ration inter r\u00e9gionale entre la Mauritanie et l&#8217;Espagne (2021-2027)"},"content":{"rendered":"<p>Le minist\u00e8re de l&#8217;\u00e9conomie et des finances a organis\u00e9, jeudi \u00e0 Nouakchott, en collaboration avec le Groupe du programme de coop\u00e9ration r\u00e9gionale des Iles Canaries (Espagne), des Iles Lasour et Madira portugaises une journ\u00e9e destin\u00e9e \u00e0 passer en revue les projets qui ont fait l&#8217;objet d&#8217;un accord entre ces Iles et la Mauritanie dans le cadre de la premi\u00e8re annonce du programme de coop\u00e9ration inter r\u00e9gionale 2021-2027.<\/p>\n<p>Le programme vise \u00e0 promouvoir la recherche scientifique et l&#8217;innovation, \u00e0 am\u00e9liorer la comp\u00e9titivit\u00e9 des \u00e9tablissements et \u00e0 s&#8217;adapter aux changements climatiques ainsi qu&#8217;\u00e0 prot\u00e9ger l&#8217;environnement, la formation professionnelle, de m\u00eame que la promotion de la p\u00eache , de l&#8217;\u00e9nergie et de l&#8217;eau.<\/p>\n<p>Au cours de de la c\u00e9r\u00e9monie, des expos\u00e9s ont \u00e9t\u00e9 pr\u00e9sent\u00e9s sur les projets pr\u00e9sent\u00e9s par le Royaume d&#8217;Espagne.<\/p>\n<p>Prenant la parole \u00e0 cette occasion, le ministre de l&#8217;\u00e9conomie et des finances, M. Sid&#8217;Ahmed Ould Bouh a indiqu\u00e9 que le programme de coop\u00e9ration constitue une r\u00e9elle occasion pour \u00e9largir les perspectives de partenariat et sa diversification dans le but d&#8217;arriver \u00e0 un v\u00e9ritable d\u00e9veloppement int\u00e9gr\u00e9.<\/p>\n<p>Il a ajout\u00e9 que la coop\u00e9ration entre notre pays et ces territoires europ\u00e9ens est rest\u00e9e en dessous de ce qui est demand\u00e9 , malgr\u00e9 leur proximit\u00e9 g\u00e9ographique, appelant \u00e0 davantage de coordination et d&#8217;action commune pour cr\u00e9er des partenariat fructueux et exploiter les opportunit\u00e9s de coop\u00e9ration disponibles mais aussi pour faire face aux d\u00e9fis.<\/p>\n<p>Le ministre a rappel\u00e9 que ce programme est financ\u00e9 par l&#8217;Union Europ\u00e9enne \u00e0 travers le fonds europ\u00e9en de d\u00e9veloppement r\u00e9gional et qu&#8217;il profite \u00e0 la Mauritanie, au S\u00e9n\u00e9gal, \u00e0 la C\u00f4te d&#8217;Ivoire, au Cap Vert, \u00e0 la Gambie, \u00e0 la R\u00e9publique de Sao Tom\u00e9 et Principe et au territoires maritimes europ\u00e9ens les plus proches.<\/p>\n<p>De son c\u00f4t\u00e9, le pr\u00e9sident du gouvernement des Canaries , M. Fernando Clavijo a pass\u00e9 en revue les objectifs du programme et les avantages qu&#8217;il offre aux pays b\u00e9n\u00e9ficiaires ainsi que le bilan d\u00e9j\u00e0 r\u00e9alis\u00e9 , soulignant que 34 projets de la premi\u00e8re \u00e9tape du programme ont \u00e9t\u00e9 financ\u00e9s au profit des pays b\u00e9n\u00e9ficiaires.<\/p>\n<p>Il a ajout\u00e9 que les domaines prioritaires auxquels s&#8217;int\u00e9resse le programme comprennent la migration, la p\u00eache, les infrastructures et l&#8217;\u00e9conomie verte.<\/p>\n<p>L&#8217;ambassadrice du Royaume d&#8217;Espagne en Mauritanie, SE Mme Mariam Alvares a dit que la Mauritanie est consid\u00e9r\u00e9e comme l&#8217;un des pays b\u00e9n\u00e9ficiaires de ce programme appelant \u00e0 lui donner une grande importance \u00e9tant donn\u00e9 les caract\u00e9ristiques dont elle dispose notamment sa position g\u00e9ographique et le climat d&#8217;affaires qu&#8217;elle offre.<\/p>\n<p>Elle a \u00e9galement affirm\u00e9 la disponibilit\u00e9 de l&#8217;ambassade \u00e0 accompagner tout ce qui de nature \u00e0 renforcer la coop\u00e9ration et le partenariat entre les deux pays.<\/p>\n<p>Enfin l&#8217;ambassadeur de l&#8217;Union Europ\u00e9enne en Mauritanie, Jokine Tasso a insist\u00e9 sur l&#8217;importance de ce projet que finance l&#8217;Union Europ\u00e9enne, affirmant que le programme est conforme aux strat\u00e9gies gouvernementales des pays b\u00e9n\u00e9ficiaires.<\/p>\n","protected":false},"excerpt":{"rendered":"<p>Le minist\u00e8re de l&#8217;\u00e9conomie et des finances a organis\u00e9, jeudi \u00e0 Nouakchott, en collaboration avec le Groupe du programme de coop\u00e9ration r\u00e9gionale des Iles Canaries (Espagne), des Iles Lasour et Madira portugaises une journ\u00e9e destin\u00e9e \u00e0 passer en revue les projets qui ont fait l&#8217;objet d&#8217;un accord entre ces Iles et la Mauritanie dans le [&hellip;]<\/p>\n","protected":false},"author":10,"featured_media":265481,"comment_status":"open","ping_status":"open","sticky":false,"template":"","format":"standard","meta":{"footnotes":""},"categories":[63920,63957,63959],"tags":[],"class_list":["post-265480","post","type-post","status-publish","format-standard","has-post-thumbnail","hentry","category-a-la-une","category-fil-dactualite","category-mauritanie"],"_links":{"self":[{"href":"https:\/\/ami.mr\/fr\/wp-json\/wp\/v2\/posts\/265480","targetHints":{"allow":["GET"]}}],"collection":[{"href":"https:\/\/ami.mr\/fr\/wp-json\/wp\/v2\/posts"}],"about":[{"href":"https:\/\/ami.mr\/fr\/wp-json\/wp\/v2\/types\/post"}],"author":[{"embeddable":true,"href":"https:\/\/ami.mr\/fr\/wp-json\/wp\/v2\/users\/10"}],"replies":[{"embeddable":true,"href":"https:\/\/ami.mr\/fr\/wp-json\/wp\/v2\/comments?post=265480"}],"version-history":[{"count":1,"href":"https:\/\/ami.mr\/fr\/wp-json\/wp\/v2\/posts\/265480\/revisions"}],"predecessor-version":[{"id":265482,"href":"https:\/\/ami.mr\/fr\/wp-json\/wp\/v2\/posts\/265480\/revisions\/265482"}],"wp:featuredmedia":[{"embeddable":true,"href":"https:\/\/ami.mr\/fr\/wp-json\/wp\/v2\/media\/265481"}],"wp:attachment":[{"href":"https:\/\/ami.mr\/fr\/wp-json\/wp\/v2\/media?parent=265480"}],"wp:term":[{"taxonomy":"category","embeddable":true,"href":"https:\/\/ami.mr\/fr\/wp-json\/wp\/v2\/categories?post=265480"},{"taxonomy":"post_tag","embeddable":true,"href":"https:\/\/ami.mr\/fr\/wp-json\/wp\/v2\/tags?post=265480"}],"curies":[{"name":"wp","href":"https:\/\/api.w.org\/{rel}","templated":true}]}}