{"id":265440,"date":"2025-02-19T22:11:04","date_gmt":"2025-02-19T22:11:04","guid":{"rendered":"https:\/\/ami.mr\/fr\/?p=265440"},"modified":"2025-02-20T00:21:10","modified_gmt":"2025-02-20T00:21:10","slug":"le-premier-ministre-preside-la-reunion-reguliere-du-dialogue-politique-entre-la-mauritanie-et-lunion-europeenne","status":"publish","type":"post","link":"https:\/\/ami.mr\/fr\/archives\/265440","title":{"rendered":"Le Premier ministre pr\u00e9side la r\u00e9union r\u00e9guli\u00e8re du dialogue politique entre la Mauritanie et l&#8217;Union europ\u00e9enne"},"content":{"rendered":"<p>S.E le Premier ministre El Moctar Ould Djay a pr\u00e9sid\u00e9, mercredi soir, dans la salle de r\u00e9union du premier minist\u00e8re, la r\u00e9union r\u00e9guli\u00e8re du dialogue politique entre la Mauritanie et l&#8217;Union europ\u00e9enne (UE).<\/p>\n<p>La r\u00e9union a permis d&#8217;examiner les diff\u00e9rents aspects de la coop\u00e9ration entre les deux parties, ainsi que les questions d&#8217;int\u00e9r\u00eat commun, telles que la s\u00e9curit\u00e9 et la stabilit\u00e9 dans la sous-r\u00e9gion et la question de la migration et des r\u00e9fugi\u00e9s.<\/p>\n<p><img decoding=\"async\" class=\" wp-image-265442 alignleft\" src=\"https:\/\/ami.mr\/fr\/wp-content\/uploads\/2025\/02\/IMG-20250219-WA00481-300x246.jpg\" alt=\"\" width=\"254\" height=\"208\" srcset=\"https:\/\/ami.mr\/fr\/wp-content\/uploads\/2025\/02\/IMG-20250219-WA00481-300x246.jpg 300w, https:\/\/ami.mr\/fr\/wp-content\/uploads\/2025\/02\/IMG-20250219-WA00481-1024x838.jpg 1024w, https:\/\/ami.mr\/fr\/wp-content\/uploads\/2025\/02\/IMG-20250219-WA00481-768x629.jpg 768w, https:\/\/ami.mr\/fr\/wp-content\/uploads\/2025\/02\/IMG-20250219-WA00481.jpg 1080w\" sizes=\"(max-width: 254px) 100vw, 254px\" \/>Dans son discours d&#8217;ouverture,<span style=\"color: #0000ff;\"> le Premier ministre<\/span> a soulign\u00e9 que la coop\u00e9ration entre les deux parties est vitale et multiforme, et que l&#8217;UE et ses Etats membres sont parmi les partenaires \u00e9conomiques les plus importants de la Mauritanie.<\/p>\n<p>Il a soulign\u00e9 que ce dialogue intervient dans un contexte particulier, suite \u00e0 la r\u00e9\u00e9lection de S.E. le Pr\u00e9sident de la R\u00e9publique Mohamed Ould Cheikh El Ghazouani pour un second mandat pr\u00e9sidentiel, et \u00e0 la pr\u00e9sentation par le gouvernement de la d\u00e9claration de politique g\u00e9n\u00e9rale pour les cinq prochaines ann\u00e9es, qui est la traduction du programme \u00ab Mon ambition pour la Patrie\u00bb.<\/p>\n<p>Il a ajout\u00e9 que l&#8217;effort consid\u00e9rable entrepris par l&#8217;Etat pour instaurer un d\u00e9veloppement \u00e9conomique durable, assurer la s\u00e9curit\u00e9 et la stabilit\u00e9, renforcer les capacit\u00e9s humaines et prot\u00e9ger les droits de l&#8217;homme n\u00e9cessite des ressources importantes, de sorte que les partenaires europ\u00e9ens doivent contribuer \u00e0 mobiliser les fonds et les ressources n\u00e9cessaires pour accompagner cet effort de d\u00e9veloppement, en soutenant les programmes de d\u00e9veloppement \u00e9conomique et social, et en appuyant le gouvernement \u00e0 travers le groupe consultatif qu&#8217;il compte organiser au cours du premier semestre de cette ann\u00e9e.<\/p>\n<p>Pour sa part, <span style=\"color: #0000ff;\">l&#8217;ambassadeur de l&#8217;UE, S.E. M. Joaquin Tasso Villalong<\/span>a, a d\u00e9clar\u00e9 que la Mauritanie est aujourd&#8217;hui le plus grand partenaire de l&#8217;UE en Afrique en termes de niveau de financement, de multiplicit\u00e9 des domaines d&#8217;intervention et de partenariat positif au b\u00e9n\u00e9fice des deux parties.<\/p>\n<p>Il a ajout\u00e9 que le partenariat strat\u00e9gique entre la Mauritanie et l&#8217;Union europ\u00e9enne englobe les domaines de la politique, de la soci\u00e9t\u00e9, de l&#8217;\u00e9conomie et de la s\u00e9curit\u00e9, soulignant le soutien continu de l&#8217;Union \u00e0 la Mauritanie.<\/p>\n<p><img decoding=\"async\" class=\"wp-image-265443 alignleft\" src=\"https:\/\/ami.mr\/fr\/wp-content\/uploads\/2025\/02\/IMG-20250219-WA0049-300x200.jpg\" alt=\"\" width=\"234\" height=\"156\" srcset=\"https:\/\/ami.mr\/fr\/wp-content\/uploads\/2025\/02\/IMG-20250219-WA0049-300x200.jpg 300w, https:\/\/ami.mr\/fr\/wp-content\/uploads\/2025\/02\/IMG-20250219-WA0049-1024x682.jpg 1024w, https:\/\/ami.mr\/fr\/wp-content\/uploads\/2025\/02\/IMG-20250219-WA0049-768x511.jpg 768w, https:\/\/ami.mr\/fr\/wp-content\/uploads\/2025\/02\/IMG-20250219-WA0049.jpg 1080w\" sizes=\"(max-width: 234px) 100vw, 234px\" \/>Au cours de la r\u00e9union, les ambassadeurs de l&#8217;UE ont salu\u00e9 la pr\u00e9sidence mauritanienne de l&#8217;Union africaine, la gestion des dossiers par le Pr\u00e9sident de la R\u00e9publique Mohamed Ould Cheikh El Ghazouani et ses positions importantes en faveur du continent, son r\u00f4le de m\u00e9diateur entre plusieurs parties dans les pays africains \u00e9tant essentiel.<\/p>\n<p>Ils ont \u00e9galement salu\u00e9 l&#8217;accueil g\u00e9n\u00e9reux des r\u00e9fugi\u00e9s maliens et les efforts importants d\u00e9ploy\u00e9s par la Mauritanie pour les soutenir.<\/p>\n<p>A l&#8217;issue de la r\u00e9union, les ambassadeurs de l&#8217;UE ont remerci\u00e9 le gouvernement pour cet \u00e9change et ce partenariat, et se sont engag\u00e9s \u00e0 continuer \u00e0 soutenir la Mauritanie dans ses plans de d\u00e9veloppement et ses politiques visant \u00e0 soutenir la s\u00e9curit\u00e9 et la stabilit\u00e9 dans la r\u00e9gion, car ils ont un impact sur la consolidation de la paix dans un environnement trouble.<\/p>\n<p>La r\u00e9union r\u00e9guli\u00e8re du dialogue politique avec l&#8217;UE est organis\u00e9e dans le cadre de l&#8217;accord d&#8217;association ACP-UE et vise \u00e0 renforcer et \u00e0 approfondir le partenariat, en couvrant des sujets d&#8217;int\u00e9r\u00eat commun tels que la s\u00e9curit\u00e9, l&#8217;\u00e9conomie, le d\u00e9veloppement, la promotion des droits de l&#8217;homme, les droits civils et politiques et les \u00e9lections.<\/p>\n<p>L&#8217;ordre du jour de la nouvelle session comprenait la situation politique, la situation \u00e9conomique, les r\u00e9formes structurelles, le groupe consultatif, la p\u00eache, la paix et la s\u00e9curit\u00e9, et la mise en \u0153uvre du partenariat global UE-Mauritanie pour la porte d&#8217;entr\u00e9e.<\/p>\n","protected":false},"excerpt":{"rendered":"<p>S.E le Premier ministre El Moctar Ould Djay a pr\u00e9sid\u00e9, mercredi soir, dans la salle de r\u00e9union du premier minist\u00e8re, la r\u00e9union r\u00e9guli\u00e8re du dialogue politique entre la Mauritanie et l&#8217;Union europ\u00e9enne (UE). La r\u00e9union a permis d&#8217;examiner les diff\u00e9rents aspects de la coop\u00e9ration entre les deux parties, ainsi que les questions d&#8217;int\u00e9r\u00eat commun, telles [&hellip;]<\/p>\n","protected":false},"author":18,"featured_media":265441,"comment_status":"open","ping_status":"open","sticky":false,"template":"","format":"standard","meta":{"footnotes":""},"categories":[63919,63957,63959,63921,63927],"tags":[],"class_list":["post-265440","post","type-post","status-publish","format-standard","has-post-thumbnail","hentry","category-choix-du-redacteur","category-fil-dactualite","category-mauritanie","category-slider-afficher","category-slider-mauritanie"],"_links":{"self":[{"href":"https:\/\/ami.mr\/fr\/wp-json\/wp\/v2\/posts\/265440","targetHints":{"allow":["GET"]}}],"collection":[{"href":"https:\/\/ami.mr\/fr\/wp-json\/wp\/v2\/posts"}],"about":[{"href":"https:\/\/ami.mr\/fr\/wp-json\/wp\/v2\/types\/post"}],"author":[{"embeddable":true,"href":"https:\/\/ami.mr\/fr\/wp-json\/wp\/v2\/users\/18"}],"replies":[{"embeddable":true,"href":"https:\/\/ami.mr\/fr\/wp-json\/wp\/v2\/comments?post=265440"}],"version-history":[{"count":2,"href":"https:\/\/ami.mr\/fr\/wp-json\/wp\/v2\/posts\/265440\/revisions"}],"predecessor-version":[{"id":265451,"href":"https:\/\/ami.mr\/fr\/wp-json\/wp\/v2\/posts\/265440\/revisions\/265451"}],"wp:featuredmedia":[{"embeddable":true,"href":"https:\/\/ami.mr\/fr\/wp-json\/wp\/v2\/media\/265441"}],"wp:attachment":[{"href":"https:\/\/ami.mr\/fr\/wp-json\/wp\/v2\/media?parent=265440"}],"wp:term":[{"taxonomy":"category","embeddable":true,"href":"https:\/\/ami.mr\/fr\/wp-json\/wp\/v2\/categories?post=265440"},{"taxonomy":"post_tag","embeddable":true,"href":"https:\/\/ami.mr\/fr\/wp-json\/wp\/v2\/tags?post=265440"}],"curies":[{"name":"wp","href":"https:\/\/api.w.org\/{rel}","templated":true}]}}