{"id":264702,"date":"2025-02-10T21:37:00","date_gmt":"2025-02-10T21:37:00","guid":{"rendered":"https:\/\/ami.mr\/fr\/?p=264702"},"modified":"2025-02-10T21:53:53","modified_gmt":"2025-02-10T21:53:53","slug":"le-ministre-de-lenseignement-superieur-preside-a-louverture-officielle-du-centre-de-preparation-des-concours-dagregation","status":"publish","type":"post","link":"https:\/\/ami.mr\/fr\/archives\/264702","title":{"rendered":"Le ministre de l&#8217;Enseignement sup\u00e9rieur pr\u00e9side \u00e0 l&#8217;ouverture officielle du Centre de pr\u00e9paration des concours d&#8217;agr\u00e9gation"},"content":{"rendered":"<p>Le Ministre de l&#8217;Enseignement Sup\u00e9rieur et de la Recherche Scientifique, M. Yacoub Ould Moine, a supervis\u00e9, lundi matin, \u00e0 l&#8217;Ecole Normale Sup\u00e9rieure (ENS), l&#8217;ouverture du Centre de Pr\u00e9paration des concours d&#8217;agr\u00e9gation.<\/p>\n<p>Ce centre est une nouvelle composante de l&#8217;Ecole Normale Sup\u00e9rieure dans le cadre de la nouvelle structure de l&#8217;institution, dont la premi\u00e8re phase devrait d\u00e9marrer cette ann\u00e9e avec les disciplines des math\u00e9matiques, de la physique et de la chimie.<\/p>\n<p>Le centre vise \u00e0 soutenir les d\u00e9partements pr\u00e9paratoires des \u00e9coles d&#8217;ing\u00e9nieurs et des \u00e9tablissements d&#8217;enseignement sup\u00e9rieur en leur fournissant des professeurs hautement qualifi\u00e9s et \u00e0 localiser la formation pr\u00e9paratoire aux concours d&#8217;agr\u00e9gation.<\/p>\n<p>Dans un discours prononc\u00e9 \u00e0 cette occasion, le ministre a expliqu\u00e9 que l&#8217;ouverture de ce centre \u00e0 l&#8217;\u00c9cole normale sup\u00e9rieure fait suite aux r\u00e9sultats de l&#8217;exp\u00e9rience pr\u00e9c\u00e9dente du minist\u00e8re en mati\u00e8re d&#8217;envoi d&#8217;\u00e9tudiants dans des centres de pr\u00e9paration au Maroc et en Tunisie, et compte tenu de l&#8217;importance de la localisation de ces formations pour am\u00e9liorer la qualit\u00e9 du syst\u00e8me de formation en g\u00e9n\u00e9ral.<\/p>\n<p>Il a ajout\u00e9 que le d\u00e9marrage des activit\u00e9s du Centre avec les formations en math\u00e9matiques, physique et chimie, conform\u00e9ment au programme unifi\u00e9 du concours d&#8217;excellence fran\u00e7ais partag\u00e9 avec certains pays de la r\u00e9gion, constitue un v\u00e9ritable d\u00e9fi qui n\u00e9cessite la concertation des efforts et l&#8217;allocation de tous les moyens n\u00e9cessaires, notant que la r\u00e9ussite de cette exp\u00e9rience permettra \u00e0 notre pays de r\u00e9pondre aux besoins croissants en professeurs d&#8217;excellence dans les d\u00e9partements pr\u00e9paratoires des \u00e9coles d&#8217;ing\u00e9nieurs et dans les disciplines scientifiques dans les \u00e9tablissements d&#8217;enseignement sup\u00e9rieur en g\u00e9n\u00e9ral, ce qui ouvrira des perspectives prometteuses pour l&#8217;\u00e9l\u00e9vation de la qualit\u00e9 de la formation et le d\u00e9veloppement des qualifications des composantes \u00e0 travers le partenariat avec des centres \u00e0 l&#8217;\u00e9tranger pour d\u00e9velopper l&#8217;offre de formation du Centre dans le domaine de l&#8217;excellence.<\/p>\n<p>Le ministre a soulign\u00e9 que le secteur de l&#8217;enseignement sup\u00e9rieur et de la recherche scientifique, conform\u00e9ment aux directives de S.E. le Pr\u00e9sident de la R\u00e9publique Mohamed Ould Cheikh El Ghazouani et en application du programme du gouvernement de S.E. le Premier ministre El Moctar Ould Djay, veille \u00e0 d\u00e9velopper l&#8217;offre de formation de l&#8217;Ecole Normale Sup\u00e9rieure afin d&#8217;\u00eatre au diapason du projet pionnier de l&#8217;Ecole R\u00e9publicaine et de renforcer son r\u00f4le au service du syst\u00e8me \u00e9ducatif \u00e0 travers une r\u00e9forme radicale du parcours de formation des enseignants des cycles primaire et secondaire.<\/p>\n<p>A cet \u00e9gard, le ministre a rappel\u00e9 l&#8217;inauguration officielle, il y a six mois, des travaux des professeurs, des inspecteurs et des experts charg\u00e9s de pr\u00e9parer les programmes et les cursus des licences d&#8217;enseignement, notant que leur inauguration cette ann\u00e9e repr\u00e9sente un tournant majeur dans le cadre de l&#8217;approche strat\u00e9gique du secteur visant \u00e0 r\u00e9former le syst\u00e8me de formation \u00e0 l&#8217;Ecole normale sup\u00e9rieure, afin de lui permettre de dipl\u00f4mer des lots suffisants d&#8217;enseignants du secondaire d&#8217;ici 2027, date \u00e0 laquelle les premiers \u00e9tudiants de l&#8217;Ecole r\u00e9publicaine atteindront le niveau du coll\u00e8ge.<\/p>\n<p>Le ministre a soulign\u00e9 que la r\u00e9forme de l&#8217;ENS s&#8217;inscrit dans le cadre d&#8217;une approche globale adopt\u00e9e par le minist\u00e8re de l&#8217;enseignement sup\u00e9rieur et de la recherche scientifique pour d\u00e9velopper le secteur, accompagner sa d\u00e9centralisation, diversifier ses offres de formation et les aligner sur les exigences du d\u00e9veloppement et acc\u00e9l\u00e9rer le rythme de r\u00e9alisation des plans visant \u00e0 traduire l&#8217;int\u00e9r\u00eat du Pr\u00e9sident de la R\u00e9publique pour la formation des jeunes et leur pr\u00e9paration \u00e0 participer au processus de d\u00e9veloppement du pays.<\/p>\n<p>Pour sa part, le directeur de l&#8217;\u00e9cole normale sup\u00e9rieure, M. Hamoudi Ould Hamadi Ould Jaghdane, a soulign\u00e9 dans une allocution prononc\u00e9e \u00e0 cette occasion que l&#8217;ouverture du centre refl\u00e8te l&#8217;engagement du secteur de l&#8217;enseignement sup\u00e9rieur \u00e0 d\u00e9velopper et \u00e0 qualifier les comp\u00e9tences p\u00e9dagogiques selon les normes scientifiques et \u00e9ducatives les plus \u00e9lev\u00e9es.<\/p>\n<p>Il a ajout\u00e9 que l&#8217;\u00c9cole normale sup\u00e9rieure a eu sa part des r\u00e9formes observ\u00e9es par le secteur de l&#8217;enseignement sup\u00e9rieur \u00e0 travers l&#8217;introduction du syst\u00e8me de licence, de master et de doctorat \u00e0 travers l&#8217;ouverture de huit nouvelles divisions sp\u00e9cialis\u00e9es qui r\u00e9pondent aux exigences de l&#8217;\u00c9cole r\u00e9publicaine, dont la graduation en 2027 co\u00efncidera avec les premiers lots de l&#8217;\u00c9cole r\u00e9publicaine au niveau secondaire, assurant ainsi son accueil avec un personnel enseignant qualifi\u00e9 sur le plan scientifique et \u00e9ducatif.<\/p>\n<p>Il a ajout\u00e9 que ces r\u00e9alisations se sont \u00e9galement traduites par l&#8217;approbation de l&#8217;ouverture d&#8217;une \u00e9cole doctorale affili\u00e9e \u00e0 l&#8217;ENS, ce qui ouvre de nouveaux horizons pour la recherche scientifique et l&#8217;enseignement sup\u00e9rieur sp\u00e9cialis\u00e9 qui contribuera \u00e0 cr\u00e9er une g\u00e9n\u00e9ration de chercheurs capables de contribuer \u00e0 la soci\u00e9t\u00e9 par le biais de la recherche scientifique ou de l&#8217;enseignement.<\/p>\n<p>Il a soulign\u00e9 que le lancement des sections pr\u00e9paratoires des concours d&#8217;agr\u00e9gation de math\u00e9matiques et de physique, aujourd&#8217;hui, constitue un nouveau pas sur la voie de l&#8217;ambitieuse r\u00e9forme de l&#8217;enseignement, qui refl\u00e8te clairement la volont\u00e9 du minist\u00e8re de l&#8217;Enseignement sup\u00e9rieur et de la Recherche scientifique de pr\u00e9parer un groupe de professeurs capables de contribuer efficacement au d\u00e9veloppement du syst\u00e8me \u00e9ducatif dans notre pays, et cette formation sera essentielle pour doter les sections pr\u00e9paratoires des \u00e9coles d&#8217;ing\u00e9nieurs de professeurs qualifi\u00e9s et distingu\u00e9s au lieu de les faire venir de l&#8217;\u00e9tranger.<\/p>\n<p>Il convient de noter que la dur\u00e9e de la formation au centre peut atteindre deux ans, et que la formation comprend des cours th\u00e9oriques, des conseils et des travaux pratiques, des concours exp\u00e9rimentaux p\u00e9riodiques et des ateliers \u00e9ducatifs.<\/p>\n<p>Dans le cadre de son plan de d\u00e9veloppement, le centre vise \u00e0 am\u00e9liorer la qualit\u00e9 de la formation en \u00e9tablissant des partenariats avec des centres de formation \u00e0 l&#8217;\u00e9tranger, en lan\u00e7ant des formations dans d&#8217;autres disciplines et en cr\u00e9ant un concours national d&#8217;excellence.<\/p>\n","protected":false},"excerpt":{"rendered":"<p>Le Ministre de l&#8217;Enseignement Sup\u00e9rieur et de la Recherche Scientifique, M. Yacoub Ould Moine, a supervis\u00e9, lundi matin, \u00e0 l&#8217;Ecole Normale Sup\u00e9rieure (ENS), l&#8217;ouverture du Centre de Pr\u00e9paration des concours d&#8217;agr\u00e9gation. Ce centre est une nouvelle composante de l&#8217;Ecole Normale Sup\u00e9rieure dans le cadre de la nouvelle structure de l&#8217;institution, dont la premi\u00e8re phase devrait [&hellip;]<\/p>\n","protected":false},"author":5,"featured_media":264703,"comment_status":"open","ping_status":"open","sticky":false,"template":"","format":"standard","meta":{"footnotes":""},"categories":[63920,104,63957,63924],"tags":[],"class_list":["post-264702","post","type-post","status-publish","format-standard","has-post-thumbnail","hentry","category-a-la-une","category-104","category-fil-dactualite","category-slider-culture"],"_links":{"self":[{"href":"https:\/\/ami.mr\/fr\/wp-json\/wp\/v2\/posts\/264702","targetHints":{"allow":["GET"]}}],"collection":[{"href":"https:\/\/ami.mr\/fr\/wp-json\/wp\/v2\/posts"}],"about":[{"href":"https:\/\/ami.mr\/fr\/wp-json\/wp\/v2\/types\/post"}],"author":[{"embeddable":true,"href":"https:\/\/ami.mr\/fr\/wp-json\/wp\/v2\/users\/5"}],"replies":[{"embeddable":true,"href":"https:\/\/ami.mr\/fr\/wp-json\/wp\/v2\/comments?post=264702"}],"version-history":[{"count":1,"href":"https:\/\/ami.mr\/fr\/wp-json\/wp\/v2\/posts\/264702\/revisions"}],"predecessor-version":[{"id":264704,"href":"https:\/\/ami.mr\/fr\/wp-json\/wp\/v2\/posts\/264702\/revisions\/264704"}],"wp:featuredmedia":[{"embeddable":true,"href":"https:\/\/ami.mr\/fr\/wp-json\/wp\/v2\/media\/264703"}],"wp:attachment":[{"href":"https:\/\/ami.mr\/fr\/wp-json\/wp\/v2\/media?parent=264702"}],"wp:term":[{"taxonomy":"category","embeddable":true,"href":"https:\/\/ami.mr\/fr\/wp-json\/wp\/v2\/categories?post=264702"},{"taxonomy":"post_tag","embeddable":true,"href":"https:\/\/ami.mr\/fr\/wp-json\/wp\/v2\/tags?post=264702"}],"curies":[{"name":"wp","href":"https:\/\/api.w.org\/{rel}","templated":true}]}}