{"id":264689,"date":"2025-02-10T19:07:01","date_gmt":"2025-02-10T19:07:01","guid":{"rendered":"https:\/\/ami.mr\/fr\/?p=264689"},"modified":"2025-02-10T19:07:01","modified_gmt":"2025-02-10T19:07:01","slug":"le-ministre-delegue-aupres-du-ministre-de-leconomie-et-des-finances-recoit-une-mission-de-la-banque-mondiale-3","status":"publish","type":"post","link":"https:\/\/ami.mr\/fr\/archives\/264689","title":{"rendered":"Le Ministre d\u00e9l\u00e9gu\u00e9 aupr\u00e8s du Ministre de l\u2019\u00c9conomie et des Finances re\u00e7oit une mission de la Banque mondiale"},"content":{"rendered":"<p>Le Ministre d\u00e9l\u00e9gu\u00e9 aupr\u00e8s du Ministre de l\u2019\u00c9conomie et des Finances charg\u00e9 du Budget, M. Codioro N\u2019guenore Moussa, a tenu aujourd\u2019hui une r\u00e9union avec une mission de la Banque mondiale.<\/p>\n<p>La r\u00e9union a port\u00e9 sur les relations entre notre pays et cette institution financi\u00e8re et et a permis de passer en revue les domaines de coop\u00e9ration entre la Mauritanie et la Banque mondiale, et les voies et moyens de les renforcer davantage. Ont pris part \u00e0 cette r\u00e9union, Messieurs, El Hadrami Oubeid, Conseiller du Ministre, Ahmed Abba, Directeur g\u00e9n\u00e9ral du Budget, et Ibou Diouf, repr\u00e9sentant r\u00e9sident de la Banque mondiale.<\/p>\n","protected":false},"excerpt":{"rendered":"<p>Le Ministre d\u00e9l\u00e9gu\u00e9 aupr\u00e8s du Ministre de l\u2019\u00c9conomie et des Finances charg\u00e9 du Budget, M. Codioro N\u2019guenore Moussa, a tenu aujourd\u2019hui une r\u00e9union avec une mission de la Banque mondiale. La r\u00e9union a port\u00e9 sur les relations entre notre pays et cette institution financi\u00e8re et et a permis de passer en revue les domaines de [&hellip;]<\/p>\n","protected":false},"author":5,"featured_media":264690,"comment_status":"open","ping_status":"open","sticky":false,"template":"","format":"standard","meta":{"footnotes":""},"categories":[63918,63957,63959,63927],"tags":[],"class_list":["post-264689","post","type-post","status-publish","format-standard","has-post-thumbnail","hentry","category-autres","category-fil-dactualite","category-mauritanie","category-slider-mauritanie"],"_links":{"self":[{"href":"https:\/\/ami.mr\/fr\/wp-json\/wp\/v2\/posts\/264689","targetHints":{"allow":["GET"]}}],"collection":[{"href":"https:\/\/ami.mr\/fr\/wp-json\/wp\/v2\/posts"}],"about":[{"href":"https:\/\/ami.mr\/fr\/wp-json\/wp\/v2\/types\/post"}],"author":[{"embeddable":true,"href":"https:\/\/ami.mr\/fr\/wp-json\/wp\/v2\/users\/5"}],"replies":[{"embeddable":true,"href":"https:\/\/ami.mr\/fr\/wp-json\/wp\/v2\/comments?post=264689"}],"version-history":[{"count":1,"href":"https:\/\/ami.mr\/fr\/wp-json\/wp\/v2\/posts\/264689\/revisions"}],"predecessor-version":[{"id":264691,"href":"https:\/\/ami.mr\/fr\/wp-json\/wp\/v2\/posts\/264689\/revisions\/264691"}],"wp:featuredmedia":[{"embeddable":true,"href":"https:\/\/ami.mr\/fr\/wp-json\/wp\/v2\/media\/264690"}],"wp:attachment":[{"href":"https:\/\/ami.mr\/fr\/wp-json\/wp\/v2\/media?parent=264689"}],"wp:term":[{"taxonomy":"category","embeddable":true,"href":"https:\/\/ami.mr\/fr\/wp-json\/wp\/v2\/categories?post=264689"},{"taxonomy":"post_tag","embeddable":true,"href":"https:\/\/ami.mr\/fr\/wp-json\/wp\/v2\/tags?post=264689"}],"curies":[{"name":"wp","href":"https:\/\/api.w.org\/{rel}","templated":true}]}}