{"id":264686,"date":"2025-02-10T16:15:43","date_gmt":"2025-02-10T16:15:43","guid":{"rendered":"https:\/\/ami.mr\/fr\/?p=264686"},"modified":"2025-02-10T16:15:43","modified_gmt":"2025-02-10T16:15:43","slug":"le-president-de-la-republique-presente-ses-condoleances-a-son-homologue-namibien","status":"publish","type":"post","link":"https:\/\/ami.mr\/fr\/archives\/264686","title":{"rendered":"Le Pr\u00e9sident de la R\u00e9publique pr\u00e9sente ses condol\u00e9ances \u00e0 son homologue namibien"},"content":{"rendered":"<p>Le Pr\u00e9sident de la R\u00e9publique, Monsieur Mohamed Ould Cheikh El Ghazouani, a adress\u00e9, lundi, le message de condol\u00e9ances qui suit au Pr\u00e9sident de la R\u00e9publique de Namibie, Monsieur Nangolo Mbumba:<\/p>\n<p>\u00abExcellence,<\/p>\n<p>Nous avons appris avec beaucoup de consternation et de tristesse la nouvelle du d\u00e9c\u00e8s de l&#8217;ancien Pr\u00e9sident namibien, Sam Nujoma, qui \u00e9tait un leader de premier plan dans la lutte pour l&#8217;ind\u00e9pendance de la Namibie, dirigeant le mouvement SWAPO, qui a contribu\u00e9 \u00e0 l&#8217;ind\u00e9pendance du pays, \u00e0 la construction de l&#8217;Etat namibien moderne et \u00e0 la pr\u00e9servation de son unit\u00e9.<\/p>\n<p>En cette douloureuse circonstance, je vous adresse, au nom du gouvernement et du peuple mauritaniens, au nom de l&#8217;Union africaine, et \u00e0 travers vous au peuple namibien fr\u00e8re et aux familles endeuill\u00e9es, mes plus sinc\u00e8res condol\u00e9ances et ma sympathie.<\/p>\n<p>L&#8217;h\u00e9ritage du feu Sam Nujoma continuera d&#8217;inspirer les g\u00e9n\u00e9rations futures et restera un symbole de la lutte pour la libert\u00e9 et l&#8217;ind\u00e9pendance sur notre continent africain.<\/p>\n<p>Votre fr\u00e8re,<\/p>\n<p>Mohamed Ould Cheikh El Ghazouani,<\/p>\n<p>Pr\u00e9sident de la R\u00e9publique islamique de Mauritanie, Pr\u00e9sident en exercice de l&#8217;Union africaine&#8221;.<\/p>\n","protected":false},"excerpt":{"rendered":"<p>Le Pr\u00e9sident de la R\u00e9publique, Monsieur Mohamed Ould Cheikh El Ghazouani, a adress\u00e9, lundi, le message de condol\u00e9ances qui suit au Pr\u00e9sident de la R\u00e9publique de Namibie, Monsieur Nangolo Mbumba: \u00abExcellence, Nous avons appris avec beaucoup de consternation et de tristesse la nouvelle du d\u00e9c\u00e8s de l&#8217;ancien Pr\u00e9sident namibien, Sam Nujoma, qui \u00e9tait un leader [&hellip;]<\/p>\n","protected":false},"author":2,"featured_media":264687,"comment_status":"open","ping_status":"open","sticky":false,"template":"","format":"standard","meta":{"footnotes":""},"categories":[63919,63957,25,63921,63926],"tags":[],"class_list":["post-264686","post","type-post","status-publish","format-standard","has-post-thumbnail","hentry","category-choix-du-redacteur","category-fil-dactualite","category-25","category-slider-afficher","category-slider-general"],"_links":{"self":[{"href":"https:\/\/ami.mr\/fr\/wp-json\/wp\/v2\/posts\/264686","targetHints":{"allow":["GET"]}}],"collection":[{"href":"https:\/\/ami.mr\/fr\/wp-json\/wp\/v2\/posts"}],"about":[{"href":"https:\/\/ami.mr\/fr\/wp-json\/wp\/v2\/types\/post"}],"author":[{"embeddable":true,"href":"https:\/\/ami.mr\/fr\/wp-json\/wp\/v2\/users\/2"}],"replies":[{"embeddable":true,"href":"https:\/\/ami.mr\/fr\/wp-json\/wp\/v2\/comments?post=264686"}],"version-history":[{"count":1,"href":"https:\/\/ami.mr\/fr\/wp-json\/wp\/v2\/posts\/264686\/revisions"}],"predecessor-version":[{"id":264688,"href":"https:\/\/ami.mr\/fr\/wp-json\/wp\/v2\/posts\/264686\/revisions\/264688"}],"wp:featuredmedia":[{"embeddable":true,"href":"https:\/\/ami.mr\/fr\/wp-json\/wp\/v2\/media\/264687"}],"wp:attachment":[{"href":"https:\/\/ami.mr\/fr\/wp-json\/wp\/v2\/media?parent=264686"}],"wp:term":[{"taxonomy":"category","embeddable":true,"href":"https:\/\/ami.mr\/fr\/wp-json\/wp\/v2\/categories?post=264686"},{"taxonomy":"post_tag","embeddable":true,"href":"https:\/\/ami.mr\/fr\/wp-json\/wp\/v2\/tags?post=264686"}],"curies":[{"name":"wp","href":"https:\/\/api.w.org\/{rel}","templated":true}]}}