{"id":264600,"date":"2025-02-09T11:56:50","date_gmt":"2025-02-09T11:56:50","guid":{"rendered":"https:\/\/ami.mr\/fr\/?p=264600"},"modified":"2025-02-09T11:56:50","modified_gmt":"2025-02-09T11:56:50","slug":"la-ministre-de-lenvironnement-participe-au-koweit-a-la-6eme-plateforme-regionale-arabe-pour-la-reduction-des-risques-de-catastrophes","status":"publish","type":"post","link":"https:\/\/ami.mr\/fr\/archives\/264600","title":{"rendered":"La ministre de l&#8217;environnement participe au Kowe\u00eft \u00e0 la 6\u00e8me plateforme r\u00e9gionale arabe pour la r\u00e9duction des risques de catastrophes"},"content":{"rendered":"<p>La ministre de l\u2019Environnement et du D\u00e9veloppement Durable, Madame Messouda Baham Mohamed Laghdaf, participe \u00e0 la 6\u00e8me plateforme R\u00e9gionale pour la r\u00e9duction des risques de catastrophes qui se tient du 9 au 12 f\u00e9vrier 2025 au Kowe\u00eft.<\/p>\n<p>Dans le cadre cette 6\u00e8me Plateforme R\u00e9gionale pour la R\u00e9duction des Risques de Catastrophes (RRC), qui se tient \u00e0 Kowe\u00eft du 9 au 12 f\u00e9vrier 2025, Madame Massouda Baham Mohamed Laghdaf, Ministre de l\u2019Environnement et du D\u00e9veloppement Durable, a pris part au Forum R\u00e9gional Arabe Multiparties Prenantes sur l\u2019Alerte Pr\u00e9coce pour Tous (EW4All MSF).<\/p>\n<p>Lors de son intervention, la ministre a insist\u00e9 sur l\u2019urgence de renforcer les capacit\u00e9s de pr\u00e9vision et d\u2019anticipation des catastrophes naturelles dans la r\u00e9gion, mettant en avant l\u2019engagement de la Mauritanie dans le d\u00e9veloppement d\u2019un syst\u00e8me d\u2019alerte pr\u00e9coce multi-al\u00e9as efficace et inclusif.<\/p>\n<p>Face aux d\u00e9fis climatiques croissants, la Mauritanie a mis en \u0153uvre une strat\u00e9gie proactive visant \u00e0 am\u00e9liorer sa r\u00e9silience et celle de ses populations.<\/p>\n<p>Depuis son adh\u00e9sion au Cadre de Sendai en 2015, la Mauritanie \u0153uvre pour une gestion proactive des risques de catastrophes en s\u2019appuyant sur quatre axes majeurs :<\/p>\n<p>1. Mieux comprendre et anticiper les risques pour une prise de d\u00e9cision \u00e9clair\u00e9e.<\/p>\n<p>2. Renforcer la gouvernance et les capacit\u00e9s institutionnelles en mati\u00e8re de gestion des risques.<\/p>\n<p>3. Investir dans la r\u00e9silience des infrastructures et la pr\u00e9vention.<\/p>\n<p>4. Am\u00e9liorer les capacit\u00e9s de pr\u00e9paration, de r\u00e9ponse et de rel\u00e8vement post-catastrophe.<\/p>\n<p>Dans son allocution, la Ministre a plaid\u00e9 pour :<\/p>\n<p>&#8211; Un renforcement de la collaboration entre les pays arabes afin de mutualiser les efforts en mati\u00e8re d\u2019alerte pr\u00e9coce.<\/p>\n<p>&#8211; Un financement p\u00e9renne des infrastructures d\u2019alerte pr\u00e9coce pour garantir leur efficacit\u00e9 et accessibilit\u00e9.<\/p>\n<p>&#8211; Une implication accrue des communaut\u00e9s locales dans les dispositifs d\u2019alerte et de pr\u00e9vention.<\/p>\n<p>Par sa participation \u00e0 cette 6\u1d49 Plateforme R\u00e9gionale pour la RRC, la Mauritanie r\u00e9affirme sa volont\u00e9 d\u2019\u00eatre un acteur cl\u00e9 de la r\u00e9duction des risques dans la r\u00e9gion. Les \u00e9changes issus de ce forum enrichiront les recommandations qui seront pr\u00e9sent\u00e9es lors de la Plateforme Mondiale pour la R\u00e9duction des Risques de Catastrophes en 2025, une \u00e9tape essentielle pour fa\u00e7onner un avenir plus r\u00e9silient.<\/p>\n<p>La ministre est accompagn\u00e9e d\u2019une d\u00e9l\u00e9gation compos\u00e9e d\u2019experts et de responsables institutionnels engag\u00e9s dans la r\u00e9duction des risques de catastrophes :<\/p>\n<p>&#8211; Mme Khadijetou Seneh, Directrice de l\u2019\u00c9valuation et du Contr\u00f4le Environnemental, Point Focal National du Cadre de Sendai.<\/p>\n<p>&#8211; Colonel Mohamed Hanani Sidi, repr\u00e9sentant de la D\u00e9l\u00e9gation G\u00e9n\u00e9rale \u00e0 la Protection Civile.<\/p>\n<p>&#8211; M. Sidi Mohamed Lemine Boba, Directeur des Pr\u00e9visions \u00e0 l\u2019Agence Nationale de la M\u00e9t\u00e9orologie.<\/p>\n<p>&#8211; M. Cheikh Tijani Mohamedou, chef du D\u00e9partement des Statistiques et des Syst\u00e8mes d\u2019Information du Conseil R\u00e9gional de Nouakchott.<\/p>\n<p><img decoding=\"async\" class=\"alignnone  wp-image-264602\" src=\"https:\/\/ami.mr\/fr\/wp-content\/uploads\/2025\/02\/Sans-titre-3-1-300x162.jpg\" alt=\"\" width=\"754\" height=\"407\" srcset=\"https:\/\/ami.mr\/fr\/wp-content\/uploads\/2025\/02\/Sans-titre-3-1-300x162.jpg 300w, https:\/\/ami.mr\/fr\/wp-content\/uploads\/2025\/02\/Sans-titre-3-1-1024x551.jpg 1024w, https:\/\/ami.mr\/fr\/wp-content\/uploads\/2025\/02\/Sans-titre-3-1-768x414.jpg 768w, https:\/\/ami.mr\/fr\/wp-content\/uploads\/2025\/02\/Sans-titre-3-1.jpg 1170w\" sizes=\"(max-width: 754px) 100vw, 754px\" \/><\/p>\n","protected":false},"excerpt":{"rendered":"<p>La ministre de l\u2019Environnement et du D\u00e9veloppement Durable, Madame Messouda Baham Mohamed Laghdaf, participe \u00e0 la 6\u00e8me plateforme R\u00e9gionale pour la r\u00e9duction des risques de catastrophes qui se tient du 9 au 12 f\u00e9vrier 2025 au Kowe\u00eft. Dans le cadre cette 6\u00e8me Plateforme R\u00e9gionale pour la R\u00e9duction des Risques de Catastrophes (RRC), qui se tient [&hellip;]<\/p>\n","protected":false},"author":16,"featured_media":264603,"comment_status":"open","ping_status":"open","sticky":false,"template":"","format":"standard","meta":{"footnotes":""},"categories":[63920,63957,25],"tags":[],"class_list":["post-264600","post","type-post","status-publish","format-standard","has-post-thumbnail","hentry","category-a-la-une","category-fil-dactualite","category-25"],"_links":{"self":[{"href":"https:\/\/ami.mr\/fr\/wp-json\/wp\/v2\/posts\/264600","targetHints":{"allow":["GET"]}}],"collection":[{"href":"https:\/\/ami.mr\/fr\/wp-json\/wp\/v2\/posts"}],"about":[{"href":"https:\/\/ami.mr\/fr\/wp-json\/wp\/v2\/types\/post"}],"author":[{"embeddable":true,"href":"https:\/\/ami.mr\/fr\/wp-json\/wp\/v2\/users\/16"}],"replies":[{"embeddable":true,"href":"https:\/\/ami.mr\/fr\/wp-json\/wp\/v2\/comments?post=264600"}],"version-history":[{"count":1,"href":"https:\/\/ami.mr\/fr\/wp-json\/wp\/v2\/posts\/264600\/revisions"}],"predecessor-version":[{"id":264604,"href":"https:\/\/ami.mr\/fr\/wp-json\/wp\/v2\/posts\/264600\/revisions\/264604"}],"wp:featuredmedia":[{"embeddable":true,"href":"https:\/\/ami.mr\/fr\/wp-json\/wp\/v2\/media\/264603"}],"wp:attachment":[{"href":"https:\/\/ami.mr\/fr\/wp-json\/wp\/v2\/media?parent=264600"}],"wp:term":[{"taxonomy":"category","embeddable":true,"href":"https:\/\/ami.mr\/fr\/wp-json\/wp\/v2\/categories?post=264600"},{"taxonomy":"post_tag","embeddable":true,"href":"https:\/\/ami.mr\/fr\/wp-json\/wp\/v2\/tags?post=264600"}],"curies":[{"name":"wp","href":"https:\/\/api.w.org\/{rel}","templated":true}]}}