{"id":264478,"date":"2025-02-06T15:13:30","date_gmt":"2025-02-06T15:13:30","guid":{"rendered":"https:\/\/ami.mr\/fr\/?p=264478"},"modified":"2025-02-06T15:13:30","modified_gmt":"2025-02-06T15:13:30","slug":"un-climat-domine-par-des-vents-forts-a-moderes-sur-lensemble-du-pays","status":"publish","type":"post","link":"https:\/\/ami.mr\/fr\/archives\/264478","title":{"rendered":"Un climat domin\u00e9 par des vents forts \u00e0 mod\u00e9r\u00e9s sur l&#8217;ensemble du pays"},"content":{"rendered":"<p>L&#8217;Office national de la M\u00e9t\u00e9orologie (ONM) pr\u00e9voit, pour les prochaines 24 heures, que la situation m\u00e9t\u00e9orologique sera domin\u00e9e des vents assez forts de secteur est \u00e0 nord-est sur l&#8217;ensemble du pays accompagn\u00e9s par une visibilit\u00e9 r\u00e9duite par le sable.<\/p>\n<p>Le ciel sera clair \u00e0 peu nuageux sur le sud-est.<\/p>\n<p>Au niveau de la ville de Nouakchott, les vents seront mod\u00e9r\u00e9s \u00e0 forts d&#8217;est \u00e0 nord-est avec une visibilit\u00e9 r\u00e9duite par sable et un ciel clair.<\/p>\n<p>Voici les temp\u00e9ratures pr\u00e9vues pour les prochaines 24 heures :<\/p>\n<p>N\u00e9ma&#8230;&#8230;&#8230;&#8230;&#8230;&#8230;&#8230;&#8230;&#8230;&#8230;&#8230;&#8230;17-29\u00b0<\/p>\n<p>Timbedra&#8230;&#8230;&#8230;&#8230;&#8230;&#8230;&#8230;&#8230;&#8230;..15-31\u00b0<\/p>\n<p>Oualata&#8230;&#8230;&#8230;&#8230;&#8230;&#8230;&#8230;&#8230;&#8230;&#8230;..14-27\u00b0<\/p>\n<p>Adel Begrou&#8230;&#8230;&#8230;&#8230;&#8230;&#8230;&#8230;..18-30\u00b0<\/p>\n<p>Bassiknou&#8230;&#8230;&#8230;&#8230;&#8230;&#8230;&#8230;&#8230;&#8230;.18-30\u00b0<\/p>\n<p>A\u00efoun&#8230;&#8230;&#8230;&#8230;&#8230;&#8230;&#8230;&#8230;&#8230;&#8230;&#8230;&#8230;14-29\u00b0<\/p>\n<p>Tintane_&#8230;&#8230;&#8230;&#8230;&#8230;&#8230;&#8230;&#8230;&#8230;&#8230;.15-30\u00b0<\/p>\n<p>Kiffa&#8230;&#8230;&#8230;&#8230;&#8230;&#8230;&#8230;&#8230;&#8230;&#8230;&#8230;&#8230;&#8230;13-30\u00b0<\/p>\n<p>Kankoussa&#8230;&#8230;&#8230;&#8230;&#8230;&#8230;&#8230;&#8230;..15-32\u00b0<\/p>\n<p>Bark\u00e9ol&#8230;&#8230;&#8230;&#8230;&#8230;&#8230;&#8230;&#8230;&#8230;&#8230;..16-32\u00b0<\/p>\n<p>Ka\u00e9di&#8230;&#8230;&#8230;&#8230;&#8230;&#8230;&#8230;&#8230;&#8230;&#8230;&#8230;&#8230;15-33\u00b0<\/p>\n<p>Mounguel&#8230;&#8230;&#8230;&#8230;&#8230;&#8230;&#8230;&#8230;..14-32\u00b0<\/p>\n<p>Maghama&#8230;&#8230;&#8230;&#8230;&#8230;&#8230;&#8230;&#8230;&#8230;17-33\u00b0<\/p>\n<p>M\u2019bout&#8230;&#8230;&#8230;&#8230;&#8230;&#8230;&#8230;&#8230;&#8230;&#8230;&#8230;16-32\u00b0<\/p>\n<p>Aleg&#8230;&#8230;&#8230;&#8230;&#8230;&#8230;&#8230;&#8230;&#8230;&#8230;&#8230;&#8230;&#8230;14-32\u00b0<\/p>\n<p>Maghtaa Lahjar&#8230;&#8230;&#8230;&#8230;&#8230;..14-37\u00b0<\/p>\n<p>Bogu\u00e9&#8230;&#8230;&#8230;&#8230;&#8230;&#8230;&#8230;&#8230;&#8230;&#8230;&#8230;..14-33\u00b0<\/p>\n<p>Rosso&#8230;&#8230;&#8230;&#8230;&#8230;&#8230;&#8230;&#8230;&#8230;&#8230;&#8230;&#8230;14-33\u00b0<\/p>\n<p>Boutilimit&#8230;&#8230;&#8230;&#8230;&#8230;&#8230;&#8230;&#8230;&#8230;.14-31\u00b0<\/p>\n<p>Atar&#8230;&#8230;&#8230;&#8230;&#8230;&#8230;&#8230;&#8230;&#8230;&#8230;&#8230;&#8230;&#8230;12-27\u00b0<\/p>\n<p>Ouadane&#8230;&#8230;&#8230;&#8230;&#8230;&#8230;&#8230;&#8230;&#8230;..10-24\u00b0<\/p>\n<p>Chinguetti&#8230;&#8230;&#8230;&#8230;&#8230;&#8230;&#8230;&#8230;..10-23\u00b0<\/p>\n<p>Aoujeft&#8230;&#8230;&#8230;&#8230;&#8230;&#8230;&#8230;&#8230;&#8230;&#8230;..13-27\u00b0<\/p>\n<p>Nouadhibou&#8230;&#8230;&#8230;&#8230;&#8230;&#8230;&#8230;16-26\u00b0<\/p>\n<p>Tidjikdja&#8230;&#8230;&#8230;&#8230;&#8230;&#8230;&#8230;&#8230;&#8230;..11_26\u00b0<\/p>\n<p>Tichitt&#8230;&#8230;&#8230;&#8230;&#8230;&#8230;&#8230;&#8230;&#8230;&#8230;&#8230;13-26\u00b0<\/p>\n<p>S\u00e9libabi&#8230;&#8230;&#8230;&#8230;&#8230;&#8230;&#8230;&#8230;&#8230;&#8230;18-33\u00b0<\/p>\n<p>Zouerate&#8230;&#8230;&#8230;&#8230;&#8230;&#8230;&#8230;&#8230;&#8230;.10-24\u00b0<\/p>\n<p>Bir Moghrein&#8230;&#8230;&#8230;&#8230;&#8230;&#8230;..09-24\u00b0<\/p>\n<p>Akjoujt&#8230;&#8230;&#8230;&#8230;&#8230;&#8230;&#8230;&#8230;&#8230;&#8230;.12-30\u00b0<\/p>\n<p>Nouakchott&#8230;&#8230;&#8230;&#8230;&#8230;&#8230;&#8230;13-29\u00b0<\/p>\n<p>Au niveau des zones c\u00f4ti\u00e8res et au large, la mer sera peu agit\u00e9e \u00e0 agit\u00e9e sur le long du littoral, avec une houle de direction nord-ouest, tandis que la hauteur des vagues variera de 0.5 \u00e0 2.25 m\u00e8tres.<\/p>\n","protected":false},"excerpt":{"rendered":"<p>L&#8217;Office national de la M\u00e9t\u00e9orologie (ONM) pr\u00e9voit, pour les prochaines 24 heures, que la situation m\u00e9t\u00e9orologique sera domin\u00e9e des vents assez forts de secteur est \u00e0 nord-est sur l&#8217;ensemble du pays accompagn\u00e9s par une visibilit\u00e9 r\u00e9duite par le sable. Le ciel sera clair \u00e0 peu nuageux sur le sud-est. Au niveau de la ville de [&hellip;]<\/p>\n","protected":false},"author":18,"featured_media":264480,"comment_status":"open","ping_status":"open","sticky":false,"template":"","format":"standard","meta":{"footnotes":""},"categories":[63918,63957,63959],"tags":[],"class_list":["post-264478","post","type-post","status-publish","format-standard","has-post-thumbnail","hentry","category-autres","category-fil-dactualite","category-mauritanie"],"_links":{"self":[{"href":"https:\/\/ami.mr\/fr\/wp-json\/wp\/v2\/posts\/264478","targetHints":{"allow":["GET"]}}],"collection":[{"href":"https:\/\/ami.mr\/fr\/wp-json\/wp\/v2\/posts"}],"about":[{"href":"https:\/\/ami.mr\/fr\/wp-json\/wp\/v2\/types\/post"}],"author":[{"embeddable":true,"href":"https:\/\/ami.mr\/fr\/wp-json\/wp\/v2\/users\/18"}],"replies":[{"embeddable":true,"href":"https:\/\/ami.mr\/fr\/wp-json\/wp\/v2\/comments?post=264478"}],"version-history":[{"count":1,"href":"https:\/\/ami.mr\/fr\/wp-json\/wp\/v2\/posts\/264478\/revisions"}],"predecessor-version":[{"id":264481,"href":"https:\/\/ami.mr\/fr\/wp-json\/wp\/v2\/posts\/264478\/revisions\/264481"}],"wp:featuredmedia":[{"embeddable":true,"href":"https:\/\/ami.mr\/fr\/wp-json\/wp\/v2\/media\/264480"}],"wp:attachment":[{"href":"https:\/\/ami.mr\/fr\/wp-json\/wp\/v2\/media?parent=264478"}],"wp:term":[{"taxonomy":"category","embeddable":true,"href":"https:\/\/ami.mr\/fr\/wp-json\/wp\/v2\/categories?post=264478"},{"taxonomy":"post_tag","embeddable":true,"href":"https:\/\/ami.mr\/fr\/wp-json\/wp\/v2\/tags?post=264478"}],"curies":[{"name":"wp","href":"https:\/\/api.w.org\/{rel}","templated":true}]}}