{"id":264445,"date":"2025-02-05T20:44:18","date_gmt":"2025-02-05T20:44:18","guid":{"rendered":"https:\/\/ami.mr\/fr\/?p=264445"},"modified":"2025-02-05T20:44:43","modified_gmt":"2025-02-05T20:44:43","slug":"le-ministre-de-leconomie-tient-une-seance-de-travail-avec-le-directeur-general-du-fonds-koweitien-pour-le-developpement-economique-arabe","status":"publish","type":"post","link":"https:\/\/ami.mr\/fr\/archives\/264445","title":{"rendered":"Le ministre de l&#8217;Economie tient une s\u00e9ance de travail avec le directeur g\u00e9n\u00e9ral du Fonds kowe\u00eftien pour le d\u00e9veloppement \u00e9conomique arabe"},"content":{"rendered":"<p>Le ministre de l&#8217;Economie et des Finances, M Sid&#8217;Ahmed Ould Bouh, et la d\u00e9l\u00e9gation qui l&#8217;accompagne ont tenu mercredi \u00e0 Kowe\u00eft City, une s\u00e9ance de travail avec SE Waleed Al-Shamlan Al-Bahar, directeur g\u00e9n\u00e9ral du Fonds kowe\u00eftien pour le d\u00e9veloppement \u00e9conomique arabe, qui \u00e9tait entour\u00e9 de membres du personnel de son institution.<\/p>\n<p>La s\u00e9ance de travail a \u00e9t\u00e9 consacr\u00e9e \u00e0 l&#8217;examen du portefeuille de projets financ\u00e9s par le Fonds kowe\u00eftien dans notre pays, qui comprend les secteurs de l&#8217;\u00e9lectricit\u00e9, des routes, de l&#8217;agriculture et de l&#8217;eau, dans lequel le Fonds cofinance l&#8217;un de ses principaux projets.<\/p>\n<p>Les deux parties ont examin\u00e9 les moyens de renforcer et d&#8217;\u00e9largir la coop\u00e9ration entre la Mauritanie et le Fonds afin de promouvoir le d\u00e9veloppement et d&#8217;am\u00e9liorer les conditions de vie de la population.<\/p>\n<p>La s\u00e9ance de travail d\u00e9roul\u00e9e en pr\u00e9sence de l&#8217;Ambassadeur de notre pays aupr\u00e8s de l&#8217;Etat du Kowe\u00eft, S.E. M. Mohamed Lemine Ould Cheikh.<\/p>\n","protected":false},"excerpt":{"rendered":"<p>Le ministre de l&#8217;Economie et des Finances, M Sid&#8217;Ahmed Ould Bouh, et la d\u00e9l\u00e9gation qui l&#8217;accompagne ont tenu mercredi \u00e0 Kowe\u00eft City, une s\u00e9ance de travail avec SE Waleed Al-Shamlan Al-Bahar, directeur g\u00e9n\u00e9ral du Fonds kowe\u00eftien pour le d\u00e9veloppement \u00e9conomique arabe, qui \u00e9tait entour\u00e9 de membres du personnel de son institution. La s\u00e9ance de travail [&hellip;]<\/p>\n","protected":false},"author":5,"featured_media":264446,"comment_status":"open","ping_status":"open","sticky":false,"template":"","format":"standard","meta":{"footnotes":""},"categories":[63920,63957,25,63926],"tags":[],"class_list":["post-264445","post","type-post","status-publish","format-standard","has-post-thumbnail","hentry","category-a-la-une","category-fil-dactualite","category-25","category-slider-general"],"_links":{"self":[{"href":"https:\/\/ami.mr\/fr\/wp-json\/wp\/v2\/posts\/264445","targetHints":{"allow":["GET"]}}],"collection":[{"href":"https:\/\/ami.mr\/fr\/wp-json\/wp\/v2\/posts"}],"about":[{"href":"https:\/\/ami.mr\/fr\/wp-json\/wp\/v2\/types\/post"}],"author":[{"embeddable":true,"href":"https:\/\/ami.mr\/fr\/wp-json\/wp\/v2\/users\/5"}],"replies":[{"embeddable":true,"href":"https:\/\/ami.mr\/fr\/wp-json\/wp\/v2\/comments?post=264445"}],"version-history":[{"count":1,"href":"https:\/\/ami.mr\/fr\/wp-json\/wp\/v2\/posts\/264445\/revisions"}],"predecessor-version":[{"id":264447,"href":"https:\/\/ami.mr\/fr\/wp-json\/wp\/v2\/posts\/264445\/revisions\/264447"}],"wp:featuredmedia":[{"embeddable":true,"href":"https:\/\/ami.mr\/fr\/wp-json\/wp\/v2\/media\/264446"}],"wp:attachment":[{"href":"https:\/\/ami.mr\/fr\/wp-json\/wp\/v2\/media?parent=264445"}],"wp:term":[{"taxonomy":"category","embeddable":true,"href":"https:\/\/ami.mr\/fr\/wp-json\/wp\/v2\/categories?post=264445"},{"taxonomy":"post_tag","embeddable":true,"href":"https:\/\/ami.mr\/fr\/wp-json\/wp\/v2\/tags?post=264445"}],"curies":[{"name":"wp","href":"https:\/\/api.w.org\/{rel}","templated":true}]}}