{"id":263941,"date":"2025-01-28T19:40:51","date_gmt":"2025-01-28T19:40:51","guid":{"rendered":"https:\/\/ami.mr\/fr\/?p=263941"},"modified":"2025-01-28T19:40:51","modified_gmt":"2025-01-28T19:40:51","slug":"signature-dun-memorandum-dentente-entre-le-ministere-de-laction-sociale-et-lassociation-caritative-du-qatar","status":"publish","type":"post","link":"https:\/\/ami.mr\/fr\/archives\/263941","title":{"rendered":"Signature d&#8217;un m\u00e9morandum d&#8217;entente entre le minist\u00e8re de l&#8217;action sociale et l\u2019Association caritative du Qatar"},"content":{"rendered":"<p>Mme Savia Mint Ntahah, ministre de l&#8217;action sociale, de l&#8217;enfance et de la famille, a supervis\u00e9, mardi, au si\u00e8ge du minist\u00e8re \u00e0 Nouakchott, la signature d&#8217;un m\u00e9morandum d&#8217;entente entre le minist\u00e8re de l&#8217;action sociale et l\u2019Association caritative du Qatar entre le minist\u00e8re de l&#8217;action sociale, de l&#8217;enfance et de la famille et l\u2019Association caritative du Qatar (bureau de Mauritanie).<\/p>\n<p>Le m\u00e9morandum d&#8217;entente a \u00e9t\u00e9 sign\u00e9 par le secr\u00e9taire g\u00e9n\u00e9ral du minist\u00e8re, M. Hamoudi Cheikhna Ali, et le directeur du bureau de l\u2019Association caritative du Qatar<\/p>\n<p>en Mauritanie, M. Omar Abdelaziz Mohamed.<\/p>\n<p>Le m\u00e9morandum d&#8217;entente \u00e9tablira les r\u00e8gles et r\u00e8glements r\u00e9gissant les relations entre le minist\u00e8re de l&#8217;Action sociale, de l&#8217;Enfance et de la Famille et l\u2019Association caritative du Qatar et permettra aux deux parties de coop\u00e9rer pour soutenir les efforts du gouvernement dans les domaines de la protection sociale des groupes vuln\u00e9rables et des projets et programmes saisonniers, conform\u00e9ment aux strat\u00e9gies nationales dans ces domaines.<\/p>\n<p>La signature a eu lieu en pr\u00e9sence d&#8217;un certain nombre d&#8217;employ\u00e9s du secteur et du directeur adjoint du bureau de l\u2019Association caritative du Qatar.<\/p>\n","protected":false},"excerpt":{"rendered":"<p>Mme Savia Mint Ntahah, ministre de l&#8217;action sociale, de l&#8217;enfance et de la famille, a supervis\u00e9, mardi, au si\u00e8ge du minist\u00e8re \u00e0 Nouakchott, la signature d&#8217;un m\u00e9morandum d&#8217;entente entre le minist\u00e8re de l&#8217;action sociale et l\u2019Association caritative du Qatar entre le minist\u00e8re de l&#8217;action sociale, de l&#8217;enfance et de la famille et l\u2019Association caritative du [&hellip;]<\/p>\n","protected":false},"author":5,"featured_media":263942,"comment_status":"open","ping_status":"open","sticky":false,"template":"","format":"standard","meta":{"footnotes":""},"categories":[63918,63957,63959,63927],"tags":[],"class_list":["post-263941","post","type-post","status-publish","format-standard","has-post-thumbnail","hentry","category-autres","category-fil-dactualite","category-mauritanie","category-slider-mauritanie"],"_links":{"self":[{"href":"https:\/\/ami.mr\/fr\/wp-json\/wp\/v2\/posts\/263941","targetHints":{"allow":["GET"]}}],"collection":[{"href":"https:\/\/ami.mr\/fr\/wp-json\/wp\/v2\/posts"}],"about":[{"href":"https:\/\/ami.mr\/fr\/wp-json\/wp\/v2\/types\/post"}],"author":[{"embeddable":true,"href":"https:\/\/ami.mr\/fr\/wp-json\/wp\/v2\/users\/5"}],"replies":[{"embeddable":true,"href":"https:\/\/ami.mr\/fr\/wp-json\/wp\/v2\/comments?post=263941"}],"version-history":[{"count":2,"href":"https:\/\/ami.mr\/fr\/wp-json\/wp\/v2\/posts\/263941\/revisions"}],"predecessor-version":[{"id":263944,"href":"https:\/\/ami.mr\/fr\/wp-json\/wp\/v2\/posts\/263941\/revisions\/263944"}],"wp:featuredmedia":[{"embeddable":true,"href":"https:\/\/ami.mr\/fr\/wp-json\/wp\/v2\/media\/263942"}],"wp:attachment":[{"href":"https:\/\/ami.mr\/fr\/wp-json\/wp\/v2\/media?parent=263941"}],"wp:term":[{"taxonomy":"category","embeddable":true,"href":"https:\/\/ami.mr\/fr\/wp-json\/wp\/v2\/categories?post=263941"},{"taxonomy":"post_tag","embeddable":true,"href":"https:\/\/ami.mr\/fr\/wp-json\/wp\/v2\/tags?post=263941"}],"curies":[{"name":"wp","href":"https:\/\/api.w.org\/{rel}","templated":true}]}}