{"id":263795,"date":"2025-01-27T15:28:56","date_gmt":"2025-01-27T15:28:56","guid":{"rendered":"https:\/\/ami.mr\/fr\/?p=263795"},"modified":"2025-01-27T15:28:56","modified_gmt":"2025-01-27T15:28:56","slug":"le-president-de-la-republique-president-de-lunion-africaine-exprime-sa-preoccupation-face-a-levolution-de-la-situation-dans-lest-de-la-republique-democratique-du-congo","status":"publish","type":"post","link":"https:\/\/ami.mr\/fr\/archives\/263795","title":{"rendered":"Le Pr\u00e9sident de la R\u00e9publique, Pr\u00e9sident de l&#8217;Union africaine, exprime sa pr\u00e9occupation face \u00e0 l&#8217;\u00e9volution de la situation dans l&#8217;est de la R\u00e9publique d\u00e9mocratique du Congo"},"content":{"rendered":"<p>Le Pr\u00e9sident de la R\u00e9publique, Pr\u00e9sident de l&#8217;Union africaine, a exprim\u00e9 sa profonde pr\u00e9occupation face \u00e0 la situation en RDC. C\u2019est ce qui ressort d\u2019un tweet dont voici le texte : \u2018\u2019Je suis gravement pr\u00e9occup\u00e9 par l&#8217;\u00e9volution de la situation \u00e0 l&#8217;est de la R\u00e9publique D\u00e9mocratique du Congo. J&#8217;appelle instamment au respect du droit international humanitaire \u00e0 l&#8217;arr\u00eat imm\u00e9diat des hostilit\u00e9s et \u00e0 la reprise des n\u00e9gociations\u2019\u2019.<\/p>\n","protected":false},"excerpt":{"rendered":"<p>Le Pr\u00e9sident de la R\u00e9publique, Pr\u00e9sident de l&#8217;Union africaine, a exprim\u00e9 sa profonde pr\u00e9occupation face \u00e0 la situation en RDC. C\u2019est ce qui ressort d\u2019un tweet dont voici le texte : \u2018\u2019Je suis gravement pr\u00e9occup\u00e9 par l&#8217;\u00e9volution de la situation \u00e0 l&#8217;est de la R\u00e9publique D\u00e9mocratique du Congo. J&#8217;appelle instamment au respect du droit international [&hellip;]<\/p>\n","protected":false},"author":2,"featured_media":263796,"comment_status":"open","ping_status":"open","sticky":false,"template":"","format":"standard","meta":{"footnotes":""},"categories":[63919,63957,25,63921,63926],"tags":[],"class_list":["post-263795","post","type-post","status-publish","format-standard","has-post-thumbnail","hentry","category-choix-du-redacteur","category-fil-dactualite","category-25","category-slider-afficher","category-slider-general"],"_links":{"self":[{"href":"https:\/\/ami.mr\/fr\/wp-json\/wp\/v2\/posts\/263795","targetHints":{"allow":["GET"]}}],"collection":[{"href":"https:\/\/ami.mr\/fr\/wp-json\/wp\/v2\/posts"}],"about":[{"href":"https:\/\/ami.mr\/fr\/wp-json\/wp\/v2\/types\/post"}],"author":[{"embeddable":true,"href":"https:\/\/ami.mr\/fr\/wp-json\/wp\/v2\/users\/2"}],"replies":[{"embeddable":true,"href":"https:\/\/ami.mr\/fr\/wp-json\/wp\/v2\/comments?post=263795"}],"version-history":[{"count":1,"href":"https:\/\/ami.mr\/fr\/wp-json\/wp\/v2\/posts\/263795\/revisions"}],"predecessor-version":[{"id":263797,"href":"https:\/\/ami.mr\/fr\/wp-json\/wp\/v2\/posts\/263795\/revisions\/263797"}],"wp:featuredmedia":[{"embeddable":true,"href":"https:\/\/ami.mr\/fr\/wp-json\/wp\/v2\/media\/263796"}],"wp:attachment":[{"href":"https:\/\/ami.mr\/fr\/wp-json\/wp\/v2\/media?parent=263795"}],"wp:term":[{"taxonomy":"category","embeddable":true,"href":"https:\/\/ami.mr\/fr\/wp-json\/wp\/v2\/categories?post=263795"},{"taxonomy":"post_tag","embeddable":true,"href":"https:\/\/ami.mr\/fr\/wp-json\/wp\/v2\/tags?post=263795"}],"curies":[{"name":"wp","href":"https:\/\/api.w.org\/{rel}","templated":true}]}}