{"id":263522,"date":"2025-01-23T13:42:48","date_gmt":"2025-01-23T13:42:48","guid":{"rendered":"https:\/\/ami.mr\/fr\/?p=263522"},"modified":"2025-01-23T13:42:48","modified_gmt":"2025-01-23T13:42:48","slug":"ouverture-dun-atelier-sur-le-controle-et-lorganisation-de-lhygiene-dans-les-institutions-sanitaires","status":"publish","type":"post","link":"https:\/\/ami.mr\/fr\/archives\/263522","title":{"rendered":"Ouverture d&#8217;un atelier sur le contr\u00f4le et l&#8217;organisation de l&#8217;hygi\u00e8ne dans les institutions sanitaires"},"content":{"rendered":"<p>Ouverture, jeudi \u00e0 Nouakchott, d\u2019un atelier de sensibilisation sur le contr\u00f4le et l\u2019organisation de l&#8217;hygi\u00e8ne au sein des \u00e9tablissements hospitaliers en Mauritanie.<\/p>\n<p>L&#8217;atelier, de deux jours, vise \u00e0 discuter des lois, des normes et des protocoles d&#8217;hygi\u00e8ne au sein des institutions sanitaires du pays.<\/p>\n<p>Dans une allocution prononc\u00e9e \u00e0 cette occasion, la secr\u00e9taire g\u00e9n\u00e9rale du minist\u00e8re de la Sant\u00e9, Mme El Alya Yahya Menkouss, a indiqu\u00e9 que cet atelier examine un th\u00e8me central des priorit\u00e9s du minist\u00e8re qui est au c\u0153ur de ses politiques et plans ex\u00e9cutifs, \u00e0 savoir le contr\u00f4le et la r\u00e9gulation de l&#8217;hygi\u00e8ne au sein des institutions hospitali\u00e8res du pays et leurs environs.<\/p>\n<p>Elle a soulign\u00e9 que l&#8217;organisation de cet atelier s&#8217;inscrit dans le contexte du remarquable d\u00e9veloppement qu&#8217;a connue le secteur de la sant\u00e9, en g\u00e9n\u00e9ral, depuis le premier mandat de Son Excellence le Pr\u00e9sident de la R\u00e9publique, Monsieur Mohamed Ould Cheikh El Ghazouani, en particulier, depuis le lancement du programme \u2018\u2019Mon Ambition pour la patrie\u2019\u2019, permettant le d\u00e9veloppement de nouvelles infrastructures, et l&#8217;expansion des activit\u00e9s des structures existantes, n\u00e9cessitant de redoubler d&#8217;efforts et d&#8217;\u00e9lever le degr\u00e9 de vigilance et de sensibilisation s\u2019agissant du contr\u00f4le et de la r\u00e9gulation de l&#8217;hygi\u00e8ne publique, particuli\u00e8rement la gestion s\u00e9curis\u00e9e des d\u00e9chets m\u00e9dicaux qui constituent une menace pour l&#8217;environnement et la sant\u00e9 en g\u00e9n\u00e9ral.<\/p>\n<p>Mme la SG a affirm\u00e9 que les participants \u00e0 l&#8217;atelier recevront, pendant deux jours, des pr\u00e9sentations sur les lois, les normes et les protocoles qui doivent \u00eatre suivis pour contr\u00f4ler l&#8217;hygi\u00e8ne au sein des institutions hospitali\u00e8res \u00e0 travers de multiples axes, dont le strict suivi des r\u00e8gles d&#8217;hygi\u00e8ne, la pr\u00e9vention et le confinement des infections, l&#8217;\u00e9limination s\u00fbre des d\u00e9chets m\u00e9dicaux, les syst\u00e8mes d&#8217;eau et d&#8217;assainissement, et la qualit\u00e9 des services de sant\u00e9.<\/p>\n<p>Elle a ajout\u00e9 que cet atelier est suivi par tous les principaux acteurs dans le domaine de l&#8217;hygi\u00e8ne et de la qualit\u00e9 des services au niveau de 15 administrations r\u00e9gionales et 28 h\u00f4pitaux dans les wilayas du pays, indiquant que les r\u00e9sultats de l&#8217;atelier constitueront un pas en avant pour am\u00e9liorer l&#8217;hygi\u00e8ne au sein des institutions hospitali\u00e8res et leurs environs, diffusant les meilleures pratiques pour la gestion des d\u00e9chets m\u00e9dicaux.<\/p>\n<p>De son c\u00f4t\u00e9, le porte-parole du bureau de l&#8217;OMS \u00e0 Nouakchott, M. Boubou Kamara, a remerci\u00e9 le minist\u00e8re de la Sant\u00e9 et la direction de l&#8217;hygi\u00e8ne publique d&#8217;avoir organis\u00e9 cet important atelier exprimant l&#8217;engagement du minist\u00e8re \u00e0 am\u00e9liorer la qualit\u00e9 des soins et la s\u00e9curit\u00e9 sanitaire dans tout le pays.<\/p>\n<p>Il a ajout\u00e9 que la gestion des d\u00e9chets biom\u00e9dicaux est l&#8217;un des grands enjeux li\u00e9s \u00e0 la sant\u00e9 publique et \u00e0 l&#8217;environnement, indiquant que l&#8217;absence d&#8217;une strat\u00e9gie nationale officielle de pr\u00e9vention et de contr\u00f4le des infections exacerbe les risques sanitaires, soulignant que, selon les estimations mondiales, plus de 1,4 millions de d\u00e9c\u00e8s annuels sont associ\u00e9s \u00e0 des infections nosocomiales, dont une grande partie est due au non-respect des normes de gestion des d\u00e9chets biom\u00e9dicaux.<\/p>\n<p>M. Kamara a mis en exergue les grands progr\u00e8s r\u00e9alis\u00e9s par la Mauritanie dans ce domaine, soulignant qu&#8217;il existe un guide pratique pour la gestion des d\u00e9chets biom\u00e9dicaux, et que ces efforts, s&#8217;ils sont accompagn\u00e9s d&#8217;une strat\u00e9gie nationale coh\u00e9rente, constitueront une base solide pour construire une approche int\u00e9gr\u00e9e, durable et adapt\u00e9e aux d\u00e9fis locaux.<\/p>\n<p>L&#8217;ouverture de l&#8217;atelier s&#8217;est d\u00e9roul\u00e9e en pr\u00e9sence du directeur de l&#8217;organisation et de la planification au minist\u00e8re de la Sant\u00e9, du directeur de l&#8217;hygi\u00e8ne publique, du directeur de la m\u00e9decine hospitali\u00e8re, au c\u00f4t\u00e9 des participants des Wilayas de l&#8217;int\u00e9rieur et des personnes int\u00e9ress\u00e9es par le domaine.<\/p>\n","protected":false},"excerpt":{"rendered":"<p>Ouverture, jeudi \u00e0 Nouakchott, d\u2019un atelier de sensibilisation sur le contr\u00f4le et l\u2019organisation de l&#8217;hygi\u00e8ne au sein des \u00e9tablissements hospitaliers en Mauritanie. L&#8217;atelier, de deux jours, vise \u00e0 discuter des lois, des normes et des protocoles d&#8217;hygi\u00e8ne au sein des institutions sanitaires du pays. Dans une allocution prononc\u00e9e \u00e0 cette occasion, la secr\u00e9taire g\u00e9n\u00e9rale du [&hellip;]<\/p>\n","protected":false},"author":16,"featured_media":263524,"comment_status":"open","ping_status":"open","sticky":false,"template":"","format":"standard","meta":{"footnotes":""},"categories":[63918,63957,63959],"tags":[],"class_list":["post-263522","post","type-post","status-publish","format-standard","has-post-thumbnail","hentry","category-autres","category-fil-dactualite","category-mauritanie"],"_links":{"self":[{"href":"https:\/\/ami.mr\/fr\/wp-json\/wp\/v2\/posts\/263522","targetHints":{"allow":["GET"]}}],"collection":[{"href":"https:\/\/ami.mr\/fr\/wp-json\/wp\/v2\/posts"}],"about":[{"href":"https:\/\/ami.mr\/fr\/wp-json\/wp\/v2\/types\/post"}],"author":[{"embeddable":true,"href":"https:\/\/ami.mr\/fr\/wp-json\/wp\/v2\/users\/16"}],"replies":[{"embeddable":true,"href":"https:\/\/ami.mr\/fr\/wp-json\/wp\/v2\/comments?post=263522"}],"version-history":[{"count":1,"href":"https:\/\/ami.mr\/fr\/wp-json\/wp\/v2\/posts\/263522\/revisions"}],"predecessor-version":[{"id":263525,"href":"https:\/\/ami.mr\/fr\/wp-json\/wp\/v2\/posts\/263522\/revisions\/263525"}],"wp:featuredmedia":[{"embeddable":true,"href":"https:\/\/ami.mr\/fr\/wp-json\/wp\/v2\/media\/263524"}],"wp:attachment":[{"href":"https:\/\/ami.mr\/fr\/wp-json\/wp\/v2\/media?parent=263522"}],"wp:term":[{"taxonomy":"category","embeddable":true,"href":"https:\/\/ami.mr\/fr\/wp-json\/wp\/v2\/categories?post=263522"},{"taxonomy":"post_tag","embeddable":true,"href":"https:\/\/ami.mr\/fr\/wp-json\/wp\/v2\/tags?post=263522"}],"curies":[{"name":"wp","href":"https:\/\/api.w.org\/{rel}","templated":true}]}}