{"id":263241,"date":"2025-01-19T14:17:36","date_gmt":"2025-01-19T14:17:36","guid":{"rendered":"https:\/\/ami.mr\/fr\/?p=263241"},"modified":"2025-01-19T14:17:36","modified_gmt":"2025-01-19T14:17:36","slug":"atelier-de-formation-au-profit-des-membres-du-comite-regional-de-la-justice-pour-mineurs-au-hodh-el-gharbi","status":"publish","type":"post","link":"https:\/\/ami.mr\/fr\/archives\/263241","title":{"rendered":"Atelier de formation au profit des membres du comit\u00e9 r\u00e9gional de la justice pour mineurs au Hodh El Gharbi"},"content":{"rendered":"<p>Un atelier de formation organis\u00e9 par la direction de la protection judiciaire de l&#8217;enfance au minist\u00e8re de la justice, en collaboration avec l&#8217;UNICEF, \u00e0 l&#8217;intention des membres du comit\u00e9 r\u00e9gional de la justice pour mineurs au Hodh El Gharbi, a d\u00e9marr\u00e9 dimanche \u00e0 A\u00efoun.<\/p>\n<p>Au cours de cet atelier de deux jours, les participants suivront des expos\u00e9s relatifs \u00e0 l&#8217;arsenal juridique pour enfants en Mauritanie et aux conventions internationales, ainsi que des expos\u00e9s relatifs \u00e0 la gestion de la situation des enfants en conflit avec la loi et aux activit\u00e9s men\u00e9es par le comit\u00e9 r\u00e9gional de la justice pour mineurs.<\/p>\n<p>Dans une allocution prononc\u00e9e \u00e0 cette occasion, le Directeur de la Protection Judiciaire de l&#8217;Enfance, M. Mohamed Ould El Gharoui, a expliqu\u00e9 que ces efforts d\u00e9ploy\u00e9s par le minist\u00e8re de la Justice s&#8217;inscrivent dans le cadre du renforcement des ressources humaines, une d\u00e9marche supervis\u00e9e par le ministre de la Justice et qui fait partie d&#8217;une action gouvernementale visant \u00e0 soutenir les groupes vuln\u00e9rables de la soci\u00e9t\u00e9.<\/p>\n<p>Il a remerci\u00e9 tous les partenaires, notamment l&#8217;UNICEF, pour leurs efforts dans l&#8217;appui \u00e0 la Direction et aux comit\u00e9s r\u00e9gionaux de la justice pour mineurs qui a connu un bond qualitatif gr\u00e2ce aux efforts de l&#8217;Etat et \u00e0 l&#8217;appui des partenaires, ce qui a permis \u00e0 la Mauritanie d&#8217;occuper une position avanc\u00e9e dans le domaine de la justice pour mineurs avec le t\u00e9moignage de tous les partenaires.<\/p>\n<p>Pour sa part, la repr\u00e9sentante de l&#8217;UNICEF, Khadija Sow, a salu\u00e9 la coop\u00e9ration existante entre la Mauritanie et l&#8217;organisation, en souhaitant aux participants de tirer le meilleur parti de cet atelier.<\/p>\n<p>L&#8217;atelier a \u00e9t\u00e9 ouvert en pr\u00e9sence du pr\u00e9sident du Comit\u00e9 R\u00e9gional de la Justice pour mineurs et du substitut du Procureur de la R\u00e9publique pr\u00e8s le Tribunal du Hodh El Gharbi, le magistrat Cheikh Baye Ould Seyid.<\/p>\n","protected":false},"excerpt":{"rendered":"<p>Un atelier de formation organis\u00e9 par la direction de la protection judiciaire de l&#8217;enfance au minist\u00e8re de la justice, en collaboration avec l&#8217;UNICEF, \u00e0 l&#8217;intention des membres du comit\u00e9 r\u00e9gional de la justice pour mineurs au Hodh El Gharbi, a d\u00e9marr\u00e9 dimanche \u00e0 A\u00efoun. Au cours de cet atelier de deux jours, les participants suivront [&hellip;]<\/p>\n","protected":false},"author":16,"featured_media":263242,"comment_status":"open","ping_status":"open","sticky":false,"template":"","format":"standard","meta":{"footnotes":""},"categories":[63918,63957,8672],"tags":[],"class_list":["post-263241","post","type-post","status-publish","format-standard","has-post-thumbnail","hentry","category-autres","category-fil-dactualite","category-8672"],"_links":{"self":[{"href":"https:\/\/ami.mr\/fr\/wp-json\/wp\/v2\/posts\/263241","targetHints":{"allow":["GET"]}}],"collection":[{"href":"https:\/\/ami.mr\/fr\/wp-json\/wp\/v2\/posts"}],"about":[{"href":"https:\/\/ami.mr\/fr\/wp-json\/wp\/v2\/types\/post"}],"author":[{"embeddable":true,"href":"https:\/\/ami.mr\/fr\/wp-json\/wp\/v2\/users\/16"}],"replies":[{"embeddable":true,"href":"https:\/\/ami.mr\/fr\/wp-json\/wp\/v2\/comments?post=263241"}],"version-history":[{"count":1,"href":"https:\/\/ami.mr\/fr\/wp-json\/wp\/v2\/posts\/263241\/revisions"}],"predecessor-version":[{"id":263243,"href":"https:\/\/ami.mr\/fr\/wp-json\/wp\/v2\/posts\/263241\/revisions\/263243"}],"wp:featuredmedia":[{"embeddable":true,"href":"https:\/\/ami.mr\/fr\/wp-json\/wp\/v2\/media\/263242"}],"wp:attachment":[{"href":"https:\/\/ami.mr\/fr\/wp-json\/wp\/v2\/media?parent=263241"}],"wp:term":[{"taxonomy":"category","embeddable":true,"href":"https:\/\/ami.mr\/fr\/wp-json\/wp\/v2\/categories?post=263241"},{"taxonomy":"post_tag","embeddable":true,"href":"https:\/\/ami.mr\/fr\/wp-json\/wp\/v2\/tags?post=263241"}],"curies":[{"name":"wp","href":"https:\/\/api.w.org\/{rel}","templated":true}]}}