{"id":263004,"date":"2025-01-15T14:18:13","date_gmt":"2025-01-15T14:18:13","guid":{"rendered":"https:\/\/ami.mr\/fr\/?p=263004"},"modified":"2025-01-15T14:18:13","modified_gmt":"2025-01-15T14:18:13","slug":"le-ministre-de-la-sante-decore-un-certain-nombre-de-fonctionnaires-du-departement","status":"publish","type":"post","link":"https:\/\/ami.mr\/fr\/archives\/263004","title":{"rendered":"Le ministre de la sant\u00e9 d\u00e9core un certain nombre de fonctionnaires du d\u00e9partement"},"content":{"rendered":"<p>Le ministre de la sant\u00e9, Abdallahi Sidi Mohamed Wedih, a d\u00e9cor\u00e9 mercredi \u00e0 Nouakchott, au nom de S.E. le Pr\u00e9sident de la R\u00e9publique, Mohamed Ould Cheikh El Ghazouani, un groupe de cadres et d&#8217;employ\u00e9s du minist\u00e8re de la sant\u00e9.<\/p>\n<p>Cette d\u00e9coration s&#8217;inscrit dans le cadre de la c\u00e9l\u00e9bration du 64\u00e8me anniversaire de la f\u00eate de l&#8217;ind\u00e9pendance nationale, en reconnaissance de leurs efforts et de leur d\u00e9vouement.<\/p>\n<p>Les d\u00e9corations sont les suivantes<\/p>\n<p>Chevalier de l&#8217;Ordre national du m\u00e9rite :<\/p>\n<p>-El Fak Ahmed Baba, directeur du Centre Hospitalier de Kiffa ;<\/p>\n<p>M\u00e9daille de la reconnaissance nationale :<\/p>\n<p>-Cheikhou Wagu\u00e9, chef de service au Centre national de transfusion sanguine ;<\/p>\n<p>-Fatimetou Moulaye Abdallahi Ali, coordinatrice du programme national de sant\u00e9 reproductive ;<\/p>\n<p>-Mohamed Salem Ahmedou, chef de service au Centre national d&#8217;oncologie ;<\/p>\n<p>M\u00e9daille de Premi\u00e8re classe :<\/p>\n<p>-Cheikh Amadou Tidjani Brahim Magr\u00e9ga, chef de service \u00e0 la Direction r\u00e9gionale de la Sant\u00e9 de Nouadhibou ;<\/p>\n<p>-Ethmane Mohamed Aoueinat, chef de service \u00e0 la clinique Ka\u00e9di ;<\/p>\n<p>-Saidou Oumar Ba, chef de service \u00e0 la direction r\u00e9gionale de la sant\u00e9 du Guidimagha ;<\/p>\n<p>-Gueouad Ould Salem, chef de service au Centre Hospitalier d\u2019Aioun ;<\/p>\n<p>-Aicha Jenny Barry, cheffe de division au cabinet du ministre ;<\/p>\n<p>-Ely Mohamed Jreyvine, infirmier au centre de sant\u00e9 de Bassiknou ;<\/p>\n<p>-Aminetou Hamidoun, cheffe de service au Centre national de cardiologie ;<\/p>\n<p>-Bah El Ghaouth Ahmedou Salem, infirmier \u00e0 l&#8217;unit\u00e9 de consultation externe de l&#8217;H\u00f4pital de l&#8217;Amiti\u00e9 ;<\/p>\n<p>-Khadija Cheikh Ahmeda, infirmi\u00e8re au centre de sant\u00e9 de Lexeiba, (wilaya du Trarza) ;<\/p>\n<p>M\u00e9daille de la troisi\u00e8me classe :<\/p>\n<p>-Cheikh Brahim El Kory, infirmier, chef de service au centre de sant\u00e9 d\u2019Akjoujt ;<\/p>\n<p>Les d\u00e9corations se sont d\u00e9roul\u00e9es en pr\u00e9sence d&#8217;un certain nombre de membres du cabinet et de directeurs centraux du d\u00e9partement.<\/p>\n","protected":false},"excerpt":{"rendered":"<p>Le ministre de la sant\u00e9, Abdallahi Sidi Mohamed Wedih, a d\u00e9cor\u00e9 mercredi \u00e0 Nouakchott, au nom de S.E. le Pr\u00e9sident de la R\u00e9publique, Mohamed Ould Cheikh El Ghazouani, un groupe de cadres et d&#8217;employ\u00e9s du minist\u00e8re de la sant\u00e9. Cette d\u00e9coration s&#8217;inscrit dans le cadre de la c\u00e9l\u00e9bration du 64\u00e8me anniversaire de la f\u00eate de [&hellip;]<\/p>\n","protected":false},"author":16,"featured_media":263010,"comment_status":"open","ping_status":"open","sticky":false,"template":"","format":"standard","meta":{"footnotes":""},"categories":[63920,63957,63959],"tags":[],"class_list":["post-263004","post","type-post","status-publish","format-standard","has-post-thumbnail","hentry","category-a-la-une","category-fil-dactualite","category-mauritanie"],"_links":{"self":[{"href":"https:\/\/ami.mr\/fr\/wp-json\/wp\/v2\/posts\/263004","targetHints":{"allow":["GET"]}}],"collection":[{"href":"https:\/\/ami.mr\/fr\/wp-json\/wp\/v2\/posts"}],"about":[{"href":"https:\/\/ami.mr\/fr\/wp-json\/wp\/v2\/types\/post"}],"author":[{"embeddable":true,"href":"https:\/\/ami.mr\/fr\/wp-json\/wp\/v2\/users\/16"}],"replies":[{"embeddable":true,"href":"https:\/\/ami.mr\/fr\/wp-json\/wp\/v2\/comments?post=263004"}],"version-history":[{"count":1,"href":"https:\/\/ami.mr\/fr\/wp-json\/wp\/v2\/posts\/263004\/revisions"}],"predecessor-version":[{"id":263011,"href":"https:\/\/ami.mr\/fr\/wp-json\/wp\/v2\/posts\/263004\/revisions\/263011"}],"wp:featuredmedia":[{"embeddable":true,"href":"https:\/\/ami.mr\/fr\/wp-json\/wp\/v2\/media\/263010"}],"wp:attachment":[{"href":"https:\/\/ami.mr\/fr\/wp-json\/wp\/v2\/media?parent=263004"}],"wp:term":[{"taxonomy":"category","embeddable":true,"href":"https:\/\/ami.mr\/fr\/wp-json\/wp\/v2\/categories?post=263004"},{"taxonomy":"post_tag","embeddable":true,"href":"https:\/\/ami.mr\/fr\/wp-json\/wp\/v2\/tags?post=263004"}],"curies":[{"name":"wp","href":"https:\/\/api.w.org\/{rel}","templated":true}]}}