{"id":262710,"date":"2025-01-11T19:51:40","date_gmt":"2025-01-11T19:51:40","guid":{"rendered":"https:\/\/ami.mr\/fr\/?p=262710"},"modified":"2025-01-11T19:51:40","modified_gmt":"2025-01-11T19:51:40","slug":"lassociation-caritative-ithar-celebre-le-troisieme-anniversaire-de-sa-creation","status":"publish","type":"post","link":"https:\/\/ami.mr\/fr\/archives\/262710","title":{"rendered":"L&#8217;association caritative \u00ab Ithar \u00bb c\u00e9l\u00e8bre le troisi\u00e8me anniversaire de sa cr\u00e9ation"},"content":{"rendered":"<p>L&#8217;association caritative \u00ab Ithar \u00bb pour la lutte contre le cancer a organis\u00e9, samedi au Centre international des conf\u00e9rences de Nouakchott, une c\u00e9r\u00e9monie marquant le troisi\u00e8me anniversaire de sa cr\u00e9ation sous le slogan : \u00ab Ambition et s\u00e9rieux \u00bb.<\/p>\n<p>Au cours de la c\u00e9r\u00e9monie, l&#8217;association a fait un expos\u00e9 sur ses r\u00e9alisations au cours des trois derni\u00e8res ann\u00e9es, le nombre de b\u00e9n\u00e9ficiaires de ses services, le montant des dons re\u00e7us et les postes de d\u00e9penses.<\/p>\n<p>Dans une allocution prononc\u00e9e \u00e0 cette occasion, le pr\u00e9sident de l&#8217;association, M. Mohamed Yeslem Ould Abdallah, a salu\u00e9 l&#8217;atmosph\u00e8re qui r\u00e8gne dans notre pays sous la direction du Pr\u00e9sident de la R\u00e9publique, Monsieur Mohamed Ould Cheikh Al Ghazwani, qui a permis \u00e0 l&#8217;association de travailler confortablement et librement, notant que ce que fait l&#8217;association s&#8217;inscrit dans le cadre du programme du pr\u00e9sident de la R\u00e9publique \u00ab Mon ambition pour la nation \u00bb, que le gouvernement est en train de mettre en \u0153uvre.<\/p>\n<p>Il a indiqu\u00e9 que l&#8217;association s&#8217;\u00e9tait fix\u00e9 comme objectifs majeurs de lutter contre le cancer dans le pays en prenant en charge les patients pauvres et en sensibilisant sur l&#8217;importance du d\u00e9pistage pr\u00e9coce.<\/p>\n<p>Il a soulign\u00e9 que les b\u00e9n\u00e9ficiaires des services du bureau ouvert par l&#8217;association au Centre d&#8217;oncologie de Nouakchott ont atteint 3900 patients, notant que l&#8217;association a entam\u00e9 la construction d&#8217;un centre de cinq \u00e9tages avec 106 lits en raison de la surpopulation.<\/p>\n<p>Il a remerci\u00e9 les 13.000 membres de l&#8217;association, qui versent des contributions mensuelles de 1.000 anciennes ouguiyas , qui au total r\u00e9alisent une partie des r\u00eaves de nombreux patients atteints de cancer, en plus des contributions de certains hommes d&#8217;affaires et institutions.<\/p>\n<p>Il a ajout\u00e9 que depuis sa cr\u00e9ation jusqu&#8217;au 31 d\u00e9cembre 2024, l&#8217;association a re\u00e7u 1605649222 anciennes ouguiyas, tandis que les d\u00e9penses et les investissements de l&#8217;association au cours de la m\u00eame p\u00e9riode se sont \u00e9lev\u00e9s \u00e0 1628020854,40 anciennes ouguiyas.<\/p>\n<p>La c\u00e9r\u00e9monie a \u00e9t\u00e9 marqu\u00e9e par des interventions qui ont salu\u00e9 les performances de cette association, soulignant l&#8217;importance de l\u2019\u00e9mulation entre les organisations de la soci\u00e9t\u00e9 civile et tous les acteurs nationaux dans l&#8217;apport d&#8217;aide et d&#8217;assistance aux n\u00e9cessiteux.<\/p>\n<p>La r\u00e9union s&#8217;est d\u00e9roul\u00e9e en pr\u00e9sence du vice-pr\u00e9sident du Conseil r\u00e9gional de Nouakchott et du maire de la commune de Tefragh Zeina.<\/p>\n","protected":false},"excerpt":{"rendered":"<p>L&#8217;association caritative \u00ab Ithar \u00bb pour la lutte contre le cancer a organis\u00e9, samedi au Centre international des conf\u00e9rences de Nouakchott, une c\u00e9r\u00e9monie marquant le troisi\u00e8me anniversaire de sa cr\u00e9ation sous le slogan : \u00ab Ambition et s\u00e9rieux \u00bb. Au cours de la c\u00e9r\u00e9monie, l&#8217;association a fait un expos\u00e9 sur ses r\u00e9alisations au cours des [&hellip;]<\/p>\n","protected":false},"author":13,"featured_media":262715,"comment_status":"open","ping_status":"open","sticky":false,"template":"","format":"standard","meta":{"footnotes":""},"categories":[63918,63919,63957,63924],"tags":[],"class_list":["post-262710","post","type-post","status-publish","format-standard","has-post-thumbnail","hentry","category-autres","category-choix-du-redacteur","category-fil-dactualite","category-slider-culture"],"_links":{"self":[{"href":"https:\/\/ami.mr\/fr\/wp-json\/wp\/v2\/posts\/262710","targetHints":{"allow":["GET"]}}],"collection":[{"href":"https:\/\/ami.mr\/fr\/wp-json\/wp\/v2\/posts"}],"about":[{"href":"https:\/\/ami.mr\/fr\/wp-json\/wp\/v2\/types\/post"}],"author":[{"embeddable":true,"href":"https:\/\/ami.mr\/fr\/wp-json\/wp\/v2\/users\/13"}],"replies":[{"embeddable":true,"href":"https:\/\/ami.mr\/fr\/wp-json\/wp\/v2\/comments?post=262710"}],"version-history":[{"count":1,"href":"https:\/\/ami.mr\/fr\/wp-json\/wp\/v2\/posts\/262710\/revisions"}],"predecessor-version":[{"id":262716,"href":"https:\/\/ami.mr\/fr\/wp-json\/wp\/v2\/posts\/262710\/revisions\/262716"}],"wp:featuredmedia":[{"embeddable":true,"href":"https:\/\/ami.mr\/fr\/wp-json\/wp\/v2\/media\/262715"}],"wp:attachment":[{"href":"https:\/\/ami.mr\/fr\/wp-json\/wp\/v2\/media?parent=262710"}],"wp:term":[{"taxonomy":"category","embeddable":true,"href":"https:\/\/ami.mr\/fr\/wp-json\/wp\/v2\/categories?post=262710"},{"taxonomy":"post_tag","embeddable":true,"href":"https:\/\/ami.mr\/fr\/wp-json\/wp\/v2\/tags?post=262710"}],"curies":[{"name":"wp","href":"https:\/\/api.w.org\/{rel}","templated":true}]}}