{"id":262585,"date":"2025-01-09T15:02:27","date_gmt":"2025-01-09T15:02:27","guid":{"rendered":"https:\/\/ami.mr\/fr\/?p=262585"},"modified":"2025-01-09T15:02:27","modified_gmt":"2025-01-09T15:02:27","slug":"importantes-mesures-de-protection-du-couvert-vegetal-en-assaba","status":"publish","type":"post","link":"https:\/\/ami.mr\/fr\/archives\/262585","title":{"rendered":"Importantes mesures de protection du couvert v\u00e9g\u00e9tal en Assaba"},"content":{"rendered":"<p>Le d\u00e9l\u00e9gu\u00e9 r\u00e9gional du minist\u00e8re de l&#8217;Environnement et du D\u00e9veloppement durable de l&#8217;Assaba, M. Mohamed Lemine Ould Sne\u00efckel, a indiqu\u00e9 que la campagne nationale de protection des p\u00e2turages contre les incendies dans la wilaya a permis de r\u00e9aliser 108 kilom\u00e8tres lin\u00e9aires de pare-feu, au moment o\u00f9 549 kilom\u00e8tres de pare-feu sont actuellement en cours de r\u00e9habilitation, ce qui permettra d&#8217;obtenir \u00e0 la fin de la campagne 657 kilom\u00e8tres de lignes de protection.<\/p>\n<p>Dans une interview accord\u00e9e au correspondant r\u00e9gional de l&#8217;Agence Mauritanienne d\u2019Information, il a soulign\u00e9 que la campagne, qui a \u00e9t\u00e9 lanc\u00e9e au niveau national le 20 octobre, se d\u00e9roule dans de bonnes conditions avec une parfaite r\u00e9activit\u00e9 des citoyens de qui ont saisi son importance.<\/p>\n<p>Il a pr\u00e9cis\u00e9 que le nombre d&#8217;incendies enregistr\u00e9s en zone pastorale dans la wilaya a atteint 15 incendies r\u00e9partis entre les diff\u00e9rentes moughataas de la wilaya, bien que la quasi-totalit\u00e9 d&#8217;entre eux (98%) ont \u00e9t\u00e9 enregistr\u00e9s au niveau de la moughataa de Kankossa, soulignant que la principale cause de ces incendies, dont la plupart se sont produits dans les zones montagneuses accident\u00e9es, sont les bergers et les producteurs de charbon de bois.<\/p>\n<p>Evoquant les mesures de protection des p\u00e2turages, il fait \u00e9tat de la formation de 270 comit\u00e9s villageois charg\u00e9s de surveiller et de sensibiliser les citoyens au danger des incendies et de les inciter \u00e0 suivre les proc\u00e9dures de s\u00e9curit\u00e9 pour \u00e9viter tout ce qui pourrait causer des dommages aux p\u00e2turages.<\/p>\n<p>Le d\u00e9l\u00e9gu\u00e9 r\u00e9gional a insist\u00e9 sur l&#8217;importance du volet pare-feu, qui est mis en \u0153uvre manuellement par les citoyens, car il permet d&#8217;atteindre un certain nombre d&#8217;objectifs, notamment la protection des villages de la zone pastorale contre les incendies, le renforcement des lignes de protection mises en \u0153uvre par les \u00e9quipes motoris\u00e9es en les reliant \u00e0 ce r\u00e9seau afin de r\u00e9duire les risques d&#8217;incendie, la cr\u00e9ation d&#8217;emplois saisonniers verts pour la population locale et la cr\u00e9ation d&#8217;un espace de sensibilisation en renfor\u00e7ant la coop\u00e9ration et le partenariat entre les citoyens et la d\u00e9l\u00e9gation r\u00e9gionale du minist\u00e8re de l&#8217;Environnement et du D\u00e9veloppement durable.<\/p>\n<p>Il a fait savoir que les dispositions coercitives pr\u00e9vues par les textes en vigueur seront strictement appliqu\u00e9es \u00e0 l\u2019encontre de quiconque observe un comportement nuisible de nature \u00e0 entra\u00eener des incendies, appelant tous les citoyens \u00e0 faire preuve de la plus grande prudence et \u00e0 suivre les directives sp\u00e9cifiques afin de pr\u00e9server le couvert v\u00e9g\u00e9tal et l&#8217;environnement en g\u00e9n\u00e9ral.<\/p>\n","protected":false},"excerpt":{"rendered":"<p>Le d\u00e9l\u00e9gu\u00e9 r\u00e9gional du minist\u00e8re de l&#8217;Environnement et du D\u00e9veloppement durable de l&#8217;Assaba, M. Mohamed Lemine Ould Sne\u00efckel, a indiqu\u00e9 que la campagne nationale de protection des p\u00e2turages contre les incendies dans la wilaya a permis de r\u00e9aliser 108 kilom\u00e8tres lin\u00e9aires de pare-feu, au moment o\u00f9 549 kilom\u00e8tres de pare-feu sont actuellement en cours de [&hellip;]<\/p>\n","protected":false},"author":17,"featured_media":262586,"comment_status":"open","ping_status":"open","sticky":false,"template":"","format":"standard","meta":{"footnotes":""},"categories":[63918,63957,8672],"tags":[],"class_list":["post-262585","post","type-post","status-publish","format-standard","has-post-thumbnail","hentry","category-autres","category-fil-dactualite","category-8672"],"_links":{"self":[{"href":"https:\/\/ami.mr\/fr\/wp-json\/wp\/v2\/posts\/262585","targetHints":{"allow":["GET"]}}],"collection":[{"href":"https:\/\/ami.mr\/fr\/wp-json\/wp\/v2\/posts"}],"about":[{"href":"https:\/\/ami.mr\/fr\/wp-json\/wp\/v2\/types\/post"}],"author":[{"embeddable":true,"href":"https:\/\/ami.mr\/fr\/wp-json\/wp\/v2\/users\/17"}],"replies":[{"embeddable":true,"href":"https:\/\/ami.mr\/fr\/wp-json\/wp\/v2\/comments?post=262585"}],"version-history":[{"count":1,"href":"https:\/\/ami.mr\/fr\/wp-json\/wp\/v2\/posts\/262585\/revisions"}],"predecessor-version":[{"id":262587,"href":"https:\/\/ami.mr\/fr\/wp-json\/wp\/v2\/posts\/262585\/revisions\/262587"}],"wp:featuredmedia":[{"embeddable":true,"href":"https:\/\/ami.mr\/fr\/wp-json\/wp\/v2\/media\/262586"}],"wp:attachment":[{"href":"https:\/\/ami.mr\/fr\/wp-json\/wp\/v2\/media?parent=262585"}],"wp:term":[{"taxonomy":"category","embeddable":true,"href":"https:\/\/ami.mr\/fr\/wp-json\/wp\/v2\/categories?post=262585"},{"taxonomy":"post_tag","embeddable":true,"href":"https:\/\/ami.mr\/fr\/wp-json\/wp\/v2\/tags?post=262585"}],"curies":[{"name":"wp","href":"https:\/\/api.w.org\/{rel}","templated":true}]}}