{"id":262504,"date":"2025-01-08T11:12:04","date_gmt":"2025-01-08T11:12:04","guid":{"rendered":"https:\/\/ami.mr\/fr\/?p=262504"},"modified":"2025-01-08T11:12:04","modified_gmt":"2025-01-08T11:12:04","slug":"le-rallye-africa-eco-race-arrive-a-atar","status":"publish","type":"post","link":"https:\/\/ami.mr\/fr\/archives\/262504","title":{"rendered":"Le rallye Africa Eco-Race arrive \u00e0 Atar"},"content":{"rendered":"<p>Le rallye Africa Eco-Race est arriv\u00e9 mardi soir \u00e0 Atar, en Adrar, o\u00f9 il campera pendant trois jours. APlus de 500 participants, repr\u00e9sentant 30 nationalit\u00e9s, 100 voitures, 60 camions, 30 motos et trois petits h\u00e9licopt\u00e8res prennent part au rallye.<\/p>\n<p>Dans une d\u00e9claration \u00e0 la presse r\u00e9gionale, le maire de Tawaz, Sid Ahmed Ould Mennat, a remerci\u00e9 le Pr\u00e9sident de la R\u00e9publique Mohamed Ould Cheikh El Ghazouani pour son soutien au secteur du tourisme en g\u00e9n\u00e9ral et en Adrar en particulier.<\/p>\n<p>Il a ajout\u00e9 que la Mauritanie dispose de nombreux attraits et de grandes potentialit\u00e9s touristiques qui attirent les touristes de tous les pays, notamment les participants \u00e0 ce rallye, en raison de la diversit\u00e9 des paysages et des cultures qui en font un centre d&#8217;int\u00e9r\u00eat pour eux, qu&#8217;il s&#8217;agisse de ses vastes d\u00e9serts ou de ses zones montagneuses escarp\u00e9es.<\/p>\n<p>Le maire a exprim\u00e9 ses sinc\u00e8res remerciements au wali de l&#8217;Adrar, Abdallahi Ould Mohamed Mahmoud, pour ses efforts d&#8217;organisation visant \u00e0 relancer le tourisme local, soulignant que le s\u00e9jour des participants au rallye dans cette r\u00e9gion pendant plusieurs jours contribuera \u00e0 relancer l&#8217;\u00e9conomie locale et aura des retomb\u00e9es positives sur les travailleurs du secteur de l&#8217;artisanat traditionnel et les prestataires de services.<\/p>\n<p>Le maire a appel\u00e9 les habitants \u00e0 faire preuve d&#8217;hospitalit\u00e9 envers leurs h\u00f4tes, \u00e0 \u00e9viter les comportements contraires \u00e0 l&#8217;essence de notre v\u00e9ritable religion islamique et \u00e0 se conformer aux valeurs, coutumes et traditions de la communaut\u00e9 en mati\u00e8re de g\u00e9n\u00e9rosit\u00e9, de bienveillance et de bon traitement<\/p>\n","protected":false},"excerpt":{"rendered":"<p>Le rallye Africa Eco-Race est arriv\u00e9 mardi soir \u00e0 Atar, en Adrar, o\u00f9 il campera pendant trois jours. APlus de 500 participants, repr\u00e9sentant 30 nationalit\u00e9s, 100 voitures, 60 camions, 30 motos et trois petits h\u00e9licopt\u00e8res prennent part au rallye. Dans une d\u00e9claration \u00e0 la presse r\u00e9gionale, le maire de Tawaz, Sid Ahmed Ould Mennat, a [&hellip;]<\/p>\n","protected":false},"author":18,"featured_media":262505,"comment_status":"open","ping_status":"open","sticky":false,"template":"","format":"standard","meta":{"footnotes":""},"categories":[63918,63957,8672],"tags":[],"class_list":["post-262504","post","type-post","status-publish","format-standard","has-post-thumbnail","hentry","category-autres","category-fil-dactualite","category-8672"],"_links":{"self":[{"href":"https:\/\/ami.mr\/fr\/wp-json\/wp\/v2\/posts\/262504","targetHints":{"allow":["GET"]}}],"collection":[{"href":"https:\/\/ami.mr\/fr\/wp-json\/wp\/v2\/posts"}],"about":[{"href":"https:\/\/ami.mr\/fr\/wp-json\/wp\/v2\/types\/post"}],"author":[{"embeddable":true,"href":"https:\/\/ami.mr\/fr\/wp-json\/wp\/v2\/users\/18"}],"replies":[{"embeddable":true,"href":"https:\/\/ami.mr\/fr\/wp-json\/wp\/v2\/comments?post=262504"}],"version-history":[{"count":1,"href":"https:\/\/ami.mr\/fr\/wp-json\/wp\/v2\/posts\/262504\/revisions"}],"predecessor-version":[{"id":262506,"href":"https:\/\/ami.mr\/fr\/wp-json\/wp\/v2\/posts\/262504\/revisions\/262506"}],"wp:featuredmedia":[{"embeddable":true,"href":"https:\/\/ami.mr\/fr\/wp-json\/wp\/v2\/media\/262505"}],"wp:attachment":[{"href":"https:\/\/ami.mr\/fr\/wp-json\/wp\/v2\/media?parent=262504"}],"wp:term":[{"taxonomy":"category","embeddable":true,"href":"https:\/\/ami.mr\/fr\/wp-json\/wp\/v2\/categories?post=262504"},{"taxonomy":"post_tag","embeddable":true,"href":"https:\/\/ami.mr\/fr\/wp-json\/wp\/v2\/tags?post=262504"}],"curies":[{"name":"wp","href":"https:\/\/api.w.org\/{rel}","templated":true}]}}