{"id":262305,"date":"2025-01-05T15:15:18","date_gmt":"2025-01-05T15:15:18","guid":{"rendered":"https:\/\/ami.mr\/fr\/?p=262305"},"modified":"2025-01-05T15:15:18","modified_gmt":"2025-01-05T15:15:18","slug":"le-ministre-de-la-sante-visite-le-centre-priorite-a-vue-et-senquiert-de-la-situation-des-citoyens-beneficiant-doperations-de-la-retine","status":"publish","type":"post","link":"https:\/\/ami.mr\/fr\/archives\/262305","title":{"rendered":"Le ministre de la sant\u00e9 visite le Centre Priorit\u00e9 \u00e0 Vue et s&#8217;enquiert de la situation des citoyens b\u00e9n\u00e9ficiant d&#8217;op\u00e9rations de la r\u00e9tine"},"content":{"rendered":"<div class=\"row\">\n<div class=\"cell auto-size bd-gray\" dir=\"ltr\"><\/div>\n<\/div>\n<div class=\"row\">\n<div class=\"cell auto-size\">\n<div class=\"set-border bd-gray padding10 margin10 no-margin-right no-margin-left \" dir=\"ltr\">\n<p>Le ministre de la Sant\u00e9, M. Abdallah Ould Weddih, a visit\u00e9, samedi, le centre de vision \u00ab priorit\u00e9 \u00e0 la vue \u00bb de Dar Naim, relevant du programme national de lutte contre la c\u00e9cit\u00e9, pour s&#8217;enqu\u00e9rir du travail de l&#8217;\u00e9quipe m\u00e9dicale qui a effectu\u00e9 des op\u00e9rations de la r\u00e9tine et du vitro-r\u00e9tinien, ainsi que de la situation des citoyens b\u00e9n\u00e9ficiant de ces op\u00e9rations, qui sont pratiqu\u00e9es pour la premi\u00e8re fois en Mauritanie.<\/p>\n<p>Dans une d\u00e9claration \u00e0 l&#8217;Agence Mauritanienne d&#8217;Information, le ministre de la sant\u00e9 a expliqu\u00e9 que cette visite lui a permis de passer en revue la situation des citoyens qui ont b\u00e9n\u00e9fici\u00e9 des op\u00e9rations de la r\u00e9tine et les conditions dans lesquelles ces op\u00e9rations ont \u00e9t\u00e9 effectu\u00e9es, expliquant que c&#8217;est la premi\u00e8re fois que de telles op\u00e9rations sont effectu\u00e9es dans le pays.<\/p>\n<p>Le ministre de la Sant\u00e9 a indiqu\u00e9 qu&#8217;il a rencontr\u00e9 l&#8217;\u00e9quipe m\u00e9dicale nationale et l&#8217;\u00e9quipe de Sight International qui a supervis\u00e9 les op\u00e9rations, qui l&#8217;ont assur\u00e9 que les op\u00e9rations se sont d\u00e9roul\u00e9es dans de bonnes conditions et que les r\u00e9sultats ont \u00e9t\u00e9 concluants, notant qu&#8217;il a rencontr\u00e9 certains des b\u00e9n\u00e9ficiaires qui ont exprim\u00e9 leur satisfaction quant aux conditions dans lesquelles les op\u00e9rations se sont d\u00e9roul\u00e9es.<\/p>\n<p>Il a expliqu\u00e9 que ces op\u00e9rations s&#8217;inscrivent dans le cadre des directives de Son .Excellence le Pr\u00e9sident de la R\u00e9publique, Monsieur Mohamed Ould Cheikh El Ghazwani, et du gouvernement du Premier ministre, M. Moktar Ould Diay, visant \u00e0 mobiliser et \u00e0 exploiter tous les moyens pour rapprocher les services de sant\u00e9 des citoyens, \u00e0 travers le territoire national, notamment les op\u00e9rations qui n\u00e9cessitaient l\u2019\u00e9vacuation \u00e0 l&#8217;\u00e9tranger, notant que les op\u00e9rations oculaires repr\u00e9sentaient auparavant plus de 30% des op\u00e9rations trait\u00e9es \u00e0 l&#8217;\u00e9tranger, estimant que cette \u00e9tape constitue un acquis important pour le pays.<\/p>\n<p>Il a remerci\u00e9 International vision pour la coop\u00e9ration constructive et l&#8217;\u00e9quipe m\u00e9dicale qui a accompagn\u00e9 les op\u00e9rations depuis le d\u00e9but, ainsi que l&#8217;\u00e9quipe m\u00e9dicale mauritanienne qui a particip\u00e9 aux op\u00e9rations, et le programme mauritanien.<\/p>\n<\/div>\n<\/div>\n<\/div>\n","protected":false},"excerpt":{"rendered":"<p>Le ministre de la Sant\u00e9, M. Abdallah Ould Weddih, a visit\u00e9, samedi, le centre de vision \u00ab priorit\u00e9 \u00e0 la vue \u00bb de Dar Naim, relevant du programme national de lutte contre la c\u00e9cit\u00e9, pour s&#8217;enqu\u00e9rir du travail de l&#8217;\u00e9quipe m\u00e9dicale qui a effectu\u00e9 des op\u00e9rations de la r\u00e9tine et du vitro-r\u00e9tinien, ainsi que de [&hellip;]<\/p>\n","protected":false},"author":17,"featured_media":262306,"comment_status":"open","ping_status":"open","sticky":false,"template":"","format":"standard","meta":{"footnotes":""},"categories":[63920,63957,63959],"tags":[],"class_list":["post-262305","post","type-post","status-publish","format-standard","has-post-thumbnail","hentry","category-a-la-une","category-fil-dactualite","category-mauritanie"],"_links":{"self":[{"href":"https:\/\/ami.mr\/fr\/wp-json\/wp\/v2\/posts\/262305","targetHints":{"allow":["GET"]}}],"collection":[{"href":"https:\/\/ami.mr\/fr\/wp-json\/wp\/v2\/posts"}],"about":[{"href":"https:\/\/ami.mr\/fr\/wp-json\/wp\/v2\/types\/post"}],"author":[{"embeddable":true,"href":"https:\/\/ami.mr\/fr\/wp-json\/wp\/v2\/users\/17"}],"replies":[{"embeddable":true,"href":"https:\/\/ami.mr\/fr\/wp-json\/wp\/v2\/comments?post=262305"}],"version-history":[{"count":1,"href":"https:\/\/ami.mr\/fr\/wp-json\/wp\/v2\/posts\/262305\/revisions"}],"predecessor-version":[{"id":262307,"href":"https:\/\/ami.mr\/fr\/wp-json\/wp\/v2\/posts\/262305\/revisions\/262307"}],"wp:featuredmedia":[{"embeddable":true,"href":"https:\/\/ami.mr\/fr\/wp-json\/wp\/v2\/media\/262306"}],"wp:attachment":[{"href":"https:\/\/ami.mr\/fr\/wp-json\/wp\/v2\/media?parent=262305"}],"wp:term":[{"taxonomy":"category","embeddable":true,"href":"https:\/\/ami.mr\/fr\/wp-json\/wp\/v2\/categories?post=262305"},{"taxonomy":"post_tag","embeddable":true,"href":"https:\/\/ami.mr\/fr\/wp-json\/wp\/v2\/tags?post=262305"}],"curies":[{"name":"wp","href":"https:\/\/api.w.org\/{rel}","templated":true}]}}