{"id":262299,"date":"2025-01-05T13:14:33","date_gmt":"2025-01-05T13:14:33","guid":{"rendered":"https:\/\/ami.mr\/fr\/?p=262299"},"modified":"2025-01-05T13:14:33","modified_gmt":"2025-01-05T13:14:33","slug":"assaba-la-mission-ministerielle-chargee-didentification-des-priorites-du-developpement-regional-sentretient-avec-le-collectif-de-la-societe-civile-les-leaders-dopinion-et","status":"publish","type":"post","link":"https:\/\/ami.mr\/fr\/archives\/262299","title":{"rendered":"Assaba : La mission minist\u00e9rielle charg\u00e9e d\u2019identification des priorit\u00e9s du d\u00e9veloppement r\u00e9gional s\u2019entretient avec le collectif de la soci\u00e9t\u00e9 civile, les leaders d\u2019opinion et les notables de la wilaya"},"content":{"rendered":"<div class=\"row\">\n<div class=\"cell auto-size bd-gray\" dir=\"ltr\"><\/div>\n<\/div>\n<div class=\"row\">\n<div class=\"cell auto-size\">\n<div class=\"set-border bd-gray padding10 margin10 no-margin-right no-margin-left \" dir=\"ltr\">\n<p>La ville de Kiffa abrite depuis hier, samedi, les travaux des Etats r\u00e9gionaux pour la planification concert\u00e9e du d\u00e9veloppement, sous la supervision du ministre de la Fonction publique et du Travail, M. Mohamed Ould Soueidatt.<\/p>\n<p>L\u2019\u00e9v\u00e8nement a donn\u00e9 lieu \u00e0 une r\u00e9union de la mission minist\u00e9rielle charg\u00e9e d\u2019identification des priorit\u00e9s du d\u00e9veloppement r\u00e9gional avec la soci\u00e9t\u00e9 civile, les leaders d\u2019opinion et les notables de la wilaya.<\/p>\n<p>Les \u00e9changes se sont focalis\u00e9s sur l\u2019examen des projets \u00e0 caract\u00e8re prioritaire, notamment dans les domaines de l\u2019\u00e9ducation, de la sant\u00e9, de l\u2019agriculture, de l\u2019\u00e9levage et du d\u00e9senclavement.<\/p>\n<p>Dans leurs interventions, les repr\u00e9sentants de la soci\u00e9t\u00e9 civile, des leaders d\u2019opinion et des notables ont exprim\u00e9 leurs remerciements au Pr\u00e9sident de la R\u00e9publique, Son Excellence Monsieur Mohamed Ould Cheikh El Ghazouani, d\u2019avoir honor\u00e9 ses engagements aux citoyens, lors de la derni\u00e8re campagne \u00e9lectorale.<\/p>\n<p>Ils ont, \u00e9galement, salu\u00e9 l\u2019organisation des Etats r\u00e9gionaux pour la planification concert\u00e9e du d\u00e9veloppement, afin permettre aux acteurs locaux de d\u00e9gager les priorit\u00e9s de d\u00e9veloppement de la wilaya et de diagnostiquer ses difficult\u00e9s.<\/p>\n<p>La rencontre s\u2019est d\u00e9roul\u00e9e en pr\u00e9sence du wali de l\u2019Assaba, M. Ahmedou Addahi Khtaira.<\/p>\n<\/div>\n<\/div>\n<\/div>\n","protected":false},"excerpt":{"rendered":"<p>La ville de Kiffa abrite depuis hier, samedi, les travaux des Etats r\u00e9gionaux pour la planification concert\u00e9e du d\u00e9veloppement, sous la supervision du ministre de la Fonction publique et du Travail, M. Mohamed Ould Soueidatt. L\u2019\u00e9v\u00e8nement a donn\u00e9 lieu \u00e0 une r\u00e9union de la mission minist\u00e9rielle charg\u00e9e d\u2019identification des priorit\u00e9s du d\u00e9veloppement r\u00e9gional avec la [&hellip;]<\/p>\n","protected":false},"author":17,"featured_media":262300,"comment_status":"open","ping_status":"open","sticky":false,"template":"","format":"standard","meta":{"footnotes":""},"categories":[63918,63957,8672],"tags":[],"class_list":["post-262299","post","type-post","status-publish","format-standard","has-post-thumbnail","hentry","category-autres","category-fil-dactualite","category-8672"],"_links":{"self":[{"href":"https:\/\/ami.mr\/fr\/wp-json\/wp\/v2\/posts\/262299","targetHints":{"allow":["GET"]}}],"collection":[{"href":"https:\/\/ami.mr\/fr\/wp-json\/wp\/v2\/posts"}],"about":[{"href":"https:\/\/ami.mr\/fr\/wp-json\/wp\/v2\/types\/post"}],"author":[{"embeddable":true,"href":"https:\/\/ami.mr\/fr\/wp-json\/wp\/v2\/users\/17"}],"replies":[{"embeddable":true,"href":"https:\/\/ami.mr\/fr\/wp-json\/wp\/v2\/comments?post=262299"}],"version-history":[{"count":1,"href":"https:\/\/ami.mr\/fr\/wp-json\/wp\/v2\/posts\/262299\/revisions"}],"predecessor-version":[{"id":262301,"href":"https:\/\/ami.mr\/fr\/wp-json\/wp\/v2\/posts\/262299\/revisions\/262301"}],"wp:featuredmedia":[{"embeddable":true,"href":"https:\/\/ami.mr\/fr\/wp-json\/wp\/v2\/media\/262300"}],"wp:attachment":[{"href":"https:\/\/ami.mr\/fr\/wp-json\/wp\/v2\/media?parent=262299"}],"wp:term":[{"taxonomy":"category","embeddable":true,"href":"https:\/\/ami.mr\/fr\/wp-json\/wp\/v2\/categories?post=262299"},{"taxonomy":"post_tag","embeddable":true,"href":"https:\/\/ami.mr\/fr\/wp-json\/wp\/v2\/tags?post=262299"}],"curies":[{"name":"wp","href":"https:\/\/api.w.org\/{rel}","templated":true}]}}