{"id":262112,"date":"2024-12-31T17:31:24","date_gmt":"2024-12-31T17:31:24","guid":{"rendered":"https:\/\/ami.mr\/fr\/?p=262112"},"modified":"2024-12-31T17:53:21","modified_gmt":"2024-12-31T17:53:21","slug":"le-president-de-lassemblee-nationale-recoit-le-rapport-du-mecanisme-national-de-prevention-de-la-torture-pour-les-annees-2023-2024","status":"publish","type":"post","link":"https:\/\/ami.mr\/fr\/archives\/262112","title":{"rendered":"Le pr\u00e9sident de l&#8217;Assembl\u00e9e nationale re\u00e7oit le rapport du M\u00e9canisme national de pr\u00e9vention de la torture pour les ann\u00e9es 2023-2024."},"content":{"rendered":"<div class=\"row\"><\/div>\n<div class=\"row\">\n<div class=\"cell auto-size\">\n<div class=\"set-border bd-gray padding10 margin10 no-margin-right no-margin-left \" dir=\"ltr\">\n<p>Le pr\u00e9sident de l&#8217;Assembl\u00e9e nationale, M. Mohamed Bemba Meguett, a re\u00e7u mardi matin dans son bureau \u00e0 l&#8217;Assembl\u00e9e nationale, le rapport annuel du M\u00e9canisme national de pr\u00e9vention de la torture (MNPT) pour les ann\u00e9es 2023-2024.<\/p>\n<p>C\u2019\u00e9tait au cours d&#8217;une audience accord\u00e9e par le pr\u00e9sident de l&#8217;Assembl\u00e9e Nationale au pr\u00e9sident du M\u00e9canisme National de Pr\u00e9vention de la Torture, M. El Bekaye Ould Abdelmalek.<\/p>\n<p>L\u2019audience s&#8217;est d\u00e9roul\u00e9e en pr\u00e9sence de M. Abdallahi Ould Saleh, secr\u00e9taire g\u00e9n\u00e9ral de l&#8217;Assembl\u00e9e nationale, et de M. Mohamed Yahya Ould Haye, charg\u00e9 de mission \u00e0 la m\u00eame Assembl\u00e9e.<\/p>\n<\/div>\n<\/div>\n<\/div>\n","protected":false},"excerpt":{"rendered":"<p>Le pr\u00e9sident de l&#8217;Assembl\u00e9e nationale, M. Mohamed Bemba Meguett, a re\u00e7u mardi matin dans son bureau \u00e0 l&#8217;Assembl\u00e9e nationale, le rapport annuel du M\u00e9canisme national de pr\u00e9vention de la torture (MNPT) pour les ann\u00e9es 2023-2024. C\u2019\u00e9tait au cours d&#8217;une audience accord\u00e9e par le pr\u00e9sident de l&#8217;Assembl\u00e9e Nationale au pr\u00e9sident du M\u00e9canisme National de Pr\u00e9vention de [&hellip;]<\/p>\n","protected":false},"author":8,"featured_media":262113,"comment_status":"open","ping_status":"open","sticky":false,"template":"","format":"standard","meta":{"footnotes":""},"categories":[63957,25,63921,63926],"tags":[],"class_list":["post-262112","post","type-post","status-publish","format-standard","has-post-thumbnail","hentry","category-fil-dactualite","category-25","category-slider-afficher","category-slider-general"],"_links":{"self":[{"href":"https:\/\/ami.mr\/fr\/wp-json\/wp\/v2\/posts\/262112","targetHints":{"allow":["GET"]}}],"collection":[{"href":"https:\/\/ami.mr\/fr\/wp-json\/wp\/v2\/posts"}],"about":[{"href":"https:\/\/ami.mr\/fr\/wp-json\/wp\/v2\/types\/post"}],"author":[{"embeddable":true,"href":"https:\/\/ami.mr\/fr\/wp-json\/wp\/v2\/users\/8"}],"replies":[{"embeddable":true,"href":"https:\/\/ami.mr\/fr\/wp-json\/wp\/v2\/comments?post=262112"}],"version-history":[{"count":1,"href":"https:\/\/ami.mr\/fr\/wp-json\/wp\/v2\/posts\/262112\/revisions"}],"predecessor-version":[{"id":262114,"href":"https:\/\/ami.mr\/fr\/wp-json\/wp\/v2\/posts\/262112\/revisions\/262114"}],"wp:featuredmedia":[{"embeddable":true,"href":"https:\/\/ami.mr\/fr\/wp-json\/wp\/v2\/media\/262113"}],"wp:attachment":[{"href":"https:\/\/ami.mr\/fr\/wp-json\/wp\/v2\/media?parent=262112"}],"wp:term":[{"taxonomy":"category","embeddable":true,"href":"https:\/\/ami.mr\/fr\/wp-json\/wp\/v2\/categories?post=262112"},{"taxonomy":"post_tag","embeddable":true,"href":"https:\/\/ami.mr\/fr\/wp-json\/wp\/v2\/tags?post=262112"}],"curies":[{"name":"wp","href":"https:\/\/api.w.org\/{rel}","templated":true}]}}