{"id":262102,"date":"2024-12-31T14:21:10","date_gmt":"2024-12-31T14:21:10","guid":{"rendered":"https:\/\/ami.mr\/fr\/?p=262102"},"modified":"2024-12-31T14:21:10","modified_gmt":"2024-12-31T14:21:10","slug":"campagne-nationale-de-vaccination-du-betail-en-inchiri","status":"publish","type":"post","link":"https:\/\/ami.mr\/fr\/archives\/262102","title":{"rendered":"Campagne nationale de vaccination du b\u00e9tail en Inchiri"},"content":{"rendered":"<p>Le conseiller du wali de l&#8217;Inchiri charg\u00e9 des affaires \u00e9conomiques et du d\u00e9veloppement local, M. Seyid Ould Sam, a supervis\u00e9 hier \u00e0 Akjoujt le lancement de la campagne nationale de vaccination du cheptel dans la wilaya de l&#8217;Inchiri.<\/p>\n<p>Cette campagne, organis\u00e9e par le minist\u00e8re de l\u2019\u00c9levage en collaboration avec la F\u00e9d\u00e9ration nationale des \u00c9leveurs, vise \u00e0 immuniser le b\u00e9tail afin de pr\u00e9server la richesse animale et d&#8217;assurer son utilisation durable.<\/p>\n<p>Dans un discours prononc\u00e9 \u00e0 cette occasion, le conseiller du wali a exhort\u00e9 les agriculteurs \u00e0 participer \u00e0 la campagne, soulignant que la sant\u00e9 publique d\u00e9pend de la sant\u00e9 du b\u00e9tail.<\/p>\n<p>Il a insist\u00e9 sur la n\u00e9cessit\u00e9 de vacciner le b\u00e9tail et de pr\u00e9server le couvert v\u00e9g\u00e9tal, saluant les efforts de la F\u00e9d\u00e9ration nationale des \u00e9leveurs dans ces deux domaines.<\/p>\n<p>Pour sa part, le repr\u00e9sentant de la F\u00e9d\u00e9ration Nationale des \u00c9leveurs au niveau de la wilaya de l&#8217;Inchiri, M. Hamani Ould H\u2019Meymed, a remerci\u00e9 les autorit\u00e9s administratives pour l&#8217;interaction positive avec les \u00e9leveurs, rappelant l&#8217;importance de la coop\u00e9ration et de la coordination, notamment dans ce domaine vital.<\/p>\n<p>Il a indiqu\u00e9 que la vaccination du b\u00e9tail est l&#8217;un des fondements les plus importants de la pr\u00e9servation de cette richesse qui constitue un pilier essentiel de l&#8217;\u00e9conomie nationale et contribue \u00e0 la r\u00e9sorption du ch\u00f4mage.<\/p>\n<p>La campagne a \u00e9t\u00e9 lanc\u00e9e en pr\u00e9sence du wali mou\u00e7aid de la moughataa d&#8217;Akjoujt, du maire de sa commune et d\u2019autres responsables r\u00e9gionaux de la wilaya.<\/p>\n","protected":false},"excerpt":{"rendered":"<p>Le conseiller du wali de l&#8217;Inchiri charg\u00e9 des affaires \u00e9conomiques et du d\u00e9veloppement local, M. Seyid Ould Sam, a supervis\u00e9 hier \u00e0 Akjoujt le lancement de la campagne nationale de vaccination du cheptel dans la wilaya de l&#8217;Inchiri. Cette campagne, organis\u00e9e par le minist\u00e8re de l\u2019\u00c9levage en collaboration avec la F\u00e9d\u00e9ration nationale des \u00c9leveurs, vise [&hellip;]<\/p>\n","protected":false},"author":16,"featured_media":262103,"comment_status":"open","ping_status":"open","sticky":false,"template":"","format":"standard","meta":{"footnotes":""},"categories":[63918,63957,8672],"tags":[],"class_list":["post-262102","post","type-post","status-publish","format-standard","has-post-thumbnail","hentry","category-autres","category-fil-dactualite","category-8672"],"_links":{"self":[{"href":"https:\/\/ami.mr\/fr\/wp-json\/wp\/v2\/posts\/262102","targetHints":{"allow":["GET"]}}],"collection":[{"href":"https:\/\/ami.mr\/fr\/wp-json\/wp\/v2\/posts"}],"about":[{"href":"https:\/\/ami.mr\/fr\/wp-json\/wp\/v2\/types\/post"}],"author":[{"embeddable":true,"href":"https:\/\/ami.mr\/fr\/wp-json\/wp\/v2\/users\/16"}],"replies":[{"embeddable":true,"href":"https:\/\/ami.mr\/fr\/wp-json\/wp\/v2\/comments?post=262102"}],"version-history":[{"count":1,"href":"https:\/\/ami.mr\/fr\/wp-json\/wp\/v2\/posts\/262102\/revisions"}],"predecessor-version":[{"id":262104,"href":"https:\/\/ami.mr\/fr\/wp-json\/wp\/v2\/posts\/262102\/revisions\/262104"}],"wp:featuredmedia":[{"embeddable":true,"href":"https:\/\/ami.mr\/fr\/wp-json\/wp\/v2\/media\/262103"}],"wp:attachment":[{"href":"https:\/\/ami.mr\/fr\/wp-json\/wp\/v2\/media?parent=262102"}],"wp:term":[{"taxonomy":"category","embeddable":true,"href":"https:\/\/ami.mr\/fr\/wp-json\/wp\/v2\/categories?post=262102"},{"taxonomy":"post_tag","embeddable":true,"href":"https:\/\/ami.mr\/fr\/wp-json\/wp\/v2\/tags?post=262102"}],"curies":[{"name":"wp","href":"https:\/\/api.w.org\/{rel}","templated":true}]}}