{"id":262037,"date":"2024-12-30T17:20:26","date_gmt":"2024-12-30T17:20:26","guid":{"rendered":"https:\/\/ami.mr\/fr\/?p=262037"},"modified":"2024-12-30T17:20:26","modified_gmt":"2024-12-30T17:20:26","slug":"lancement-de-la-campagne-de-sensibilisation-pour-la-preservation-des-paturages-et-du-cheptel","status":"publish","type":"post","link":"https:\/\/ami.mr\/fr\/archives\/262037","title":{"rendered":"Lancement de la campagne de sensibilisation pour la pr\u00e9servation des p\u00e2turages et du cheptel"},"content":{"rendered":"<p>Le Conseiller du Wali du Trarza charg\u00e9 des affaires administratives et juridiques, M. Cheikh Ould Mohamed Abdallahi, a supervis\u00e9, lundi dans la ville de Rosso, le lancement d&#8217;une campagne de sensibilisation pour la pr\u00e9servation des p\u00e2turages et du cheptel, organis\u00e9e par la F\u00e9d\u00e9ration nationale de l\u2019\u00c9levage en collaboration avec le minist\u00e8re.<\/p>\n<p>Cette campagne s&#8217;inscrit dans le cadre des efforts d\u00e9ploy\u00e9s par les hautes autorit\u00e9s du pays pour prot\u00e9ger les p\u00e2turages et immuniser le b\u00e9tail, qui est l&#8217;un des piliers de l&#8217;\u00e9conomie nationale, a d\u00e9clar\u00e9 le conseiller dans un discours prononc\u00e9 \u00e0 cette occasion.<\/p>\n<p>Il a soulign\u00e9 la n\u00e9cessit\u00e9 de redoubler d&#8217;efforts pour assurer le succ\u00e8s de la campagne, qui vise \u00e0 atteindre les objectifs de d\u00e9veloppement.<\/p>\n<p>Pour sa part, Mohamed Ould Amar, chef de la mission de la F\u00e9d\u00e9ration nationale de l\u2019Elevage dans la wilaya du Trarza, a expliqu\u00e9 que la campagne vise \u00e0 sensibiliser sur des points cl\u00e9s li\u00e9s \u00e0 l&#8217;importance de la vaccination, la marque plac\u00e9e sur l&#8217;animal apr\u00e8s le processus de vaccination et l&#8217;importance de la pr\u00e9servation des p\u00e2turages et de l&#8217;environnement dans le milieu rural.<\/p>\n<p>Les p\u00e2turages sont d&#8217;une grande importance pour les \u00e9leveurs, ce qui n\u00e9cessite une prise de conscience et des efforts concert\u00e9s pour les prot\u00e9ger des incendies, a-t-il d\u00e9clar\u00e9.<\/p>\n<p>Il a indiqu\u00e9 que la F\u00e9d\u00e9ration nationale des \u00e9leveurs a jou\u00e9 un r\u00f4le majeur dans le domaine de la sensibilisation, appelant les \u00e9leveurs \u00e0 s&#8217;engager dans ce programme pour atteindre les objectifs souhait\u00e9s.<\/p>\n<p>Pour sa part, M. Mohameden Ould M\u2019Boirik, membre de la F\u00e9d\u00e9ration, a indiqu\u00e9 que cette rencontre vient en \u00e9cho au discours de S.E. le Pr\u00e9sident de la R\u00e9publique Mohamed Ould Cheikh El Ghazouani dans la ville de Timb\u00e9dra, qui a eu un grand r\u00f4le dans la mise en exergue de l&#8217;\u00e9levage en tant que levier \u00e9conomique, ce qui a amen\u00e9 la F\u00e9d\u00e9ration nationale des Eleveurs en partenariat avec le minist\u00e8re \u00e0 mener des campagnes de sensibilisation sur l&#8217;importance de la vaccination et de l&#8217;immunisation du b\u00e9tail.<\/p>\n<p>La r\u00e9union s&#8217;est d\u00e9roul\u00e9e en pr\u00e9sence du responsable de la F\u00e9d\u00e9ration Nationale des Eleveurs , M. Mohamed Ould Mohamed Zeini, et d&#8217;un certain nombre de responsables des sections de la F\u00e9d\u00e9ration au niveau de la wilaya.<\/p>\n","protected":false},"excerpt":{"rendered":"<p>Le Conseiller du Wali du Trarza charg\u00e9 des affaires administratives et juridiques, M. Cheikh Ould Mohamed Abdallahi, a supervis\u00e9, lundi dans la ville de Rosso, le lancement d&#8217;une campagne de sensibilisation pour la pr\u00e9servation des p\u00e2turages et du cheptel, organis\u00e9e par la F\u00e9d\u00e9ration nationale de l\u2019\u00c9levage en collaboration avec le minist\u00e8re. Cette campagne s&#8217;inscrit dans [&hellip;]<\/p>\n","protected":false},"author":5,"featured_media":262029,"comment_status":"open","ping_status":"open","sticky":false,"template":"","format":"standard","meta":{"footnotes":""},"categories":[63918,63957,8672],"tags":[],"class_list":["post-262037","post","type-post","status-publish","format-standard","has-post-thumbnail","hentry","category-autres","category-fil-dactualite","category-8672"],"_links":{"self":[{"href":"https:\/\/ami.mr\/fr\/wp-json\/wp\/v2\/posts\/262037","targetHints":{"allow":["GET"]}}],"collection":[{"href":"https:\/\/ami.mr\/fr\/wp-json\/wp\/v2\/posts"}],"about":[{"href":"https:\/\/ami.mr\/fr\/wp-json\/wp\/v2\/types\/post"}],"author":[{"embeddable":true,"href":"https:\/\/ami.mr\/fr\/wp-json\/wp\/v2\/users\/5"}],"replies":[{"embeddable":true,"href":"https:\/\/ami.mr\/fr\/wp-json\/wp\/v2\/comments?post=262037"}],"version-history":[{"count":1,"href":"https:\/\/ami.mr\/fr\/wp-json\/wp\/v2\/posts\/262037\/revisions"}],"predecessor-version":[{"id":262038,"href":"https:\/\/ami.mr\/fr\/wp-json\/wp\/v2\/posts\/262037\/revisions\/262038"}],"wp:featuredmedia":[{"embeddable":true,"href":"https:\/\/ami.mr\/fr\/wp-json\/wp\/v2\/media\/262029"}],"wp:attachment":[{"href":"https:\/\/ami.mr\/fr\/wp-json\/wp\/v2\/media?parent=262037"}],"wp:term":[{"taxonomy":"category","embeddable":true,"href":"https:\/\/ami.mr\/fr\/wp-json\/wp\/v2\/categories?post=262037"},{"taxonomy":"post_tag","embeddable":true,"href":"https:\/\/ami.mr\/fr\/wp-json\/wp\/v2\/tags?post=262037"}],"curies":[{"name":"wp","href":"https:\/\/api.w.org\/{rel}","templated":true}]}}