{"id":262012,"date":"2024-12-30T12:18:19","date_gmt":"2024-12-30T12:18:19","guid":{"rendered":"https:\/\/ami.mr\/fr\/?p=262012"},"modified":"2024-12-30T13:38:11","modified_gmt":"2024-12-30T13:38:11","slug":"cloture-de-ledition-speciale-2024-de-lutte-traditionnelle-a-sebkha","status":"publish","type":"post","link":"https:\/\/ami.mr\/fr\/archives\/262012","title":{"rendered":"Cl\u00f4ture de l\u2019\u00e9dition sp\u00e9ciale 2024 de lutte traditionnelle \u00e0 Sebkha"},"content":{"rendered":"<p>Le pr\u00e9sident de l\u2019Assembl\u00e9e nationale, M. Mohamed Bemba Meguett, accompagn\u00e9 du ministre Mohamed Abdallahi Ould Louly et de plusieurs d\u00e9put\u00e9s, a pr\u00e9sid\u00e9 dimanche la c\u00e9r\u00e9monie de cl\u00f4ture de l\u2019\u00e9dition sp\u00e9ciale 2024 de lutte traditionnelle \u00e0 l\u2019ar\u00e8ne nationale de Sebkha. Cet \u00e9v\u00e9nement, hautement symbolique, a r\u00e9uni des lutteurs venus de plusieurs r\u00e9gions du pays, c\u00e9l\u00e9brant ainsi la diversit\u00e9 culturelle et les valeurs de l\u2019unit\u00e9 nationale et de la coh\u00e9sion sociale.<\/p>\n<p>Dans son discours, M. Mohamed Bemba Meguett a exprim\u00e9 sa profonde fiert\u00e9 devant la r\u00e9ussite de cette \u00e9dition, saluant l\u2019organisation exemplaire de la F\u00e9d\u00e9ration mauritanienne de lutte et le professionnalisme des organisateurs. Il a \u00e9galement f\u00e9licit\u00e9 les participants pour leur courage et leur esprit de fraternit\u00e9, d\u00e9clarant que &#8220;la lutte traditionnelle est bien plus qu\u2019un sport : elle est un h\u00e9ritage pr\u00e9cieux qui transcende nos diff\u00e9rences et renforce notre unit\u00e9&#8221;.<\/p>\n<p>Le pr\u00e9sident de l\u2019Assembl\u00e9e nationale a profit\u00e9 de l\u2019occasion pour r\u00e9it\u00e9rer son soutien ind\u00e9fectible au d\u00e9veloppement sportif et culturel, qualifiant ces deux piliers de &#8220;vecteurs essentiels d\u2019\u00e9ducation, de paix sociale et de progr\u00e8s national&#8221;.<\/p>\n<p>M. Mohamed Bemba Meguett a par ailleurs rendu un vibrant hommage \u00e0 la vision du Pr\u00e9sident de la R\u00e9publique, Son Excellence Monsieur Mohamed Cheikh El Ghazouani, qui place la diversit\u00e9 culturelle et le sport au c\u0153ur de sa politique pour renforcer l\u2019unit\u00e9 nationale et la coh\u00e9sion sociale.<\/p>\n<p>Cette \u00e9dition sp\u00e9ciale 2024 de lutte traditionnelle restera grav\u00e9e dans les m\u00e9moires comme un exemple \u00e9clatant de solidarit\u00e9 et d\u2019harmonie nationale. M Meguett a conclu son intervention en appelant \u00e0 poursuivre les efforts pour b\u00e2tir une Mauritanie plus forte, plus solidaire et plus prosp\u00e8re.<\/p>\n<p>&#8220;Vive la lutte traditionnelle, vive l\u2019unit\u00e9 nationale, et vive la Mauritanie !&#8221;, a-t-il d\u00e9clar\u00e9 sous les applaudissements chaleureux du public.<\/p>\n<p>La c\u00e9r\u00e9monie s\u2019est achev\u00e9e dans une ambiance festive, avec un \u00e9lan unanime de fiert\u00e9 nationale.<\/p>\n<p>Le maire de la commune de Sebkha et toutes les autorit\u00e9s administratives, politiques et autres de la wilaya ont marqu\u00e9 de leur pr\u00e9sence cet \u00e9v\u00e9nement sportif et culturel.<\/p>\n<p><img decoding=\"async\" class=\"alignnone wp-image-262014\" src=\"https:\/\/ami.mr\/fr\/wp-content\/uploads\/2024\/12\/\u062d\u0641\u0644-\u0627\u0644\u0645\u0635\u0627\u0631\u0639\u0629-1-300x169.jpg\" alt=\"\" width=\"923\" height=\"520\" srcset=\"https:\/\/ami.mr\/fr\/wp-content\/uploads\/2024\/12\/\u062d\u0641\u0644-\u0627\u0644\u0645\u0635\u0627\u0631\u0639\u0629-1-300x169.jpg 300w, https:\/\/ami.mr\/fr\/wp-content\/uploads\/2024\/12\/\u062d\u0641\u0644-\u0627\u0644\u0645\u0635\u0627\u0631\u0639\u0629-1-1024x576.jpg 1024w, https:\/\/ami.mr\/fr\/wp-content\/uploads\/2024\/12\/\u062d\u0641\u0644-\u0627\u0644\u0645\u0635\u0627\u0631\u0639\u0629-1-768x432.jpg 768w, https:\/\/ami.mr\/fr\/wp-content\/uploads\/2024\/12\/\u062d\u0641\u0644-\u0627\u0644\u0645\u0635\u0627\u0631\u0639\u0629-1.jpg 1080w\" sizes=\"(max-width: 923px) 100vw, 923px\" \/><\/p>\n","protected":false},"excerpt":{"rendered":"<p>Le pr\u00e9sident de l\u2019Assembl\u00e9e nationale, M. Mohamed Bemba Meguett, accompagn\u00e9 du ministre Mohamed Abdallahi Ould Louly et de plusieurs d\u00e9put\u00e9s, a pr\u00e9sid\u00e9 dimanche la c\u00e9r\u00e9monie de cl\u00f4ture de l\u2019\u00e9dition sp\u00e9ciale 2024 de lutte traditionnelle \u00e0 l\u2019ar\u00e8ne nationale de Sebkha. Cet \u00e9v\u00e9nement, hautement symbolique, a r\u00e9uni des lutteurs venus de plusieurs r\u00e9gions du pays, c\u00e9l\u00e9brant ainsi [&hellip;]<\/p>\n","protected":false},"author":17,"featured_media":262013,"comment_status":"open","ping_status":"open","sticky":false,"template":"","format":"standard","meta":{"footnotes":""},"categories":[63920,63919,63957,63925,32],"tags":[],"class_list":["post-262012","post","type-post","status-publish","format-standard","has-post-thumbnail","hentry","category-a-la-une","category-choix-du-redacteur","category-fil-dactualite","category-slider-sport","category-32"],"_links":{"self":[{"href":"https:\/\/ami.mr\/fr\/wp-json\/wp\/v2\/posts\/262012","targetHints":{"allow":["GET"]}}],"collection":[{"href":"https:\/\/ami.mr\/fr\/wp-json\/wp\/v2\/posts"}],"about":[{"href":"https:\/\/ami.mr\/fr\/wp-json\/wp\/v2\/types\/post"}],"author":[{"embeddable":true,"href":"https:\/\/ami.mr\/fr\/wp-json\/wp\/v2\/users\/17"}],"replies":[{"embeddable":true,"href":"https:\/\/ami.mr\/fr\/wp-json\/wp\/v2\/comments?post=262012"}],"version-history":[{"count":1,"href":"https:\/\/ami.mr\/fr\/wp-json\/wp\/v2\/posts\/262012\/revisions"}],"predecessor-version":[{"id":262015,"href":"https:\/\/ami.mr\/fr\/wp-json\/wp\/v2\/posts\/262012\/revisions\/262015"}],"wp:featuredmedia":[{"embeddable":true,"href":"https:\/\/ami.mr\/fr\/wp-json\/wp\/v2\/media\/262013"}],"wp:attachment":[{"href":"https:\/\/ami.mr\/fr\/wp-json\/wp\/v2\/media?parent=262012"}],"wp:term":[{"taxonomy":"category","embeddable":true,"href":"https:\/\/ami.mr\/fr\/wp-json\/wp\/v2\/categories?post=262012"},{"taxonomy":"post_tag","embeddable":true,"href":"https:\/\/ami.mr\/fr\/wp-json\/wp\/v2\/tags?post=262012"}],"curies":[{"name":"wp","href":"https:\/\/api.w.org\/{rel}","templated":true}]}}