{"id":261818,"date":"2024-12-25T23:19:49","date_gmt":"2024-12-25T23:19:49","guid":{"rendered":"https:\/\/ami.mr\/fr\/?p=261818"},"modified":"2024-12-25T23:19:49","modified_gmt":"2024-12-25T23:19:49","slug":"le-premier-ministre-preside-une-reunion-sur-les-plateformes-societe-de-la-sante-et-societe-de-leducation","status":"publish","type":"post","link":"https:\/\/ami.mr\/fr\/archives\/261818","title":{"rendered":"Le Premier ministre pr\u00e9side une r\u00e9union sur les plateformes \u00ab Soci\u00e9t\u00e9 de la sant\u00e9 \u00bb et \u00ab Soci\u00e9t\u00e9 de l&#8217;\u00e9ducation \u00bb."},"content":{"rendered":"<div class=\"row\">\n<div class=\"cell auto-size bd-gray\" dir=\"ltr\"><\/div>\n<\/div>\n<div class=\"row\">\n<div class=\"cell auto-size\">\n<div class=\"set-border bd-gray padding10 margin10 no-margin-right no-margin-left \" dir=\"ltr\">\n<p>Le Premier ministre, M. Mokhtar Ould Diay a pr\u00e9sid\u00e9, mercredi, une r\u00e9union qui a regroup\u00e9, outre les ministres concern\u00e9s, les chefs des groupes parlementaires, l&#8217;Association des pr\u00e9sidents des r\u00e9gions, l&#8217;Association des maires et l&#8217;Association des parents d&#8217;\u00e9l\u00e8ves.<\/p>\n<p>S.E. le Premier Ministre a inform\u00e9 les participants \u00e0 la r\u00e9union que l&#8217;invitation avait deux objectifs principaux :<\/p>\n<p>Le premier est de se familiariser avec le r\u00f4le de supervision des deux plateformes sur les performances des secteurs de l&#8217;\u00e9ducation et de la sant\u00e9.<\/p>\n<p>Dans ce contexte, le Premier ministre a soulign\u00e9 que les secteurs de l&#8217;\u00e9ducation et de la sant\u00e9 sont confront\u00e9s \u00e0 des d\u00e9fis qui requi\u00e8rent les efforts concert\u00e9s de tous.<\/p>\n<p>Le deuxi\u00e8me objectif \u00e9tait de les informer des instructions de Son Excellence le Pr\u00e9sident de la R\u00e9publique Mohamed Ould Cheikh El-Ghazouani de d\u00e9p\u00eacher des missions minist\u00e9rielles dans les wilayas de l&#8217;int\u00e9rieur pour identifier les priorit\u00e9s de chaque r\u00e9gion dans les domaines vitaux qui affectent la vie quotidienne du citoyen, \u00e0 l&#8217;instar de la priorisation de la capitale Nouakchott dans le cadre du programme d&#8217;urgence que le gouvernement entend lancer dans la premi\u00e8re quinzaine de janvier 2025.<\/p>\n<p>A l&#8217;issue des d\u00e9bats, le Premier Ministre a exhort\u00e9 l&#8217;ensemble des participants \u00e0 interagir positivement avec ces deux objectifs, le gouvernement \u00e9tant soucieux d&#8217;impliquer tout le monde, conform\u00e9ment aux instructions de Son Excellence le Pr\u00e9sident de la R\u00e9publique, M. Mohamed Ould Cheikh El-Ghazouani, conscient de l&#8217;importance d&#8217;une approche d&#8217;inclusion.<\/p>\n<\/div>\n<\/div>\n<\/div>\n","protected":false},"excerpt":{"rendered":"<p>Le Premier ministre, M. Mokhtar Ould Diay a pr\u00e9sid\u00e9, mercredi, une r\u00e9union qui a regroup\u00e9, outre les ministres concern\u00e9s, les chefs des groupes parlementaires, l&#8217;Association des pr\u00e9sidents des r\u00e9gions, l&#8217;Association des maires et l&#8217;Association des parents d&#8217;\u00e9l\u00e8ves. S.E. le Premier Ministre a inform\u00e9 les participants \u00e0 la r\u00e9union que l&#8217;invitation avait deux objectifs principaux : [&hellip;]<\/p>\n","protected":false},"author":8,"featured_media":261819,"comment_status":"open","ping_status":"open","sticky":false,"template":"","format":"standard","meta":{"footnotes":""},"categories":[63957,25,63921,63926],"tags":[],"class_list":["post-261818","post","type-post","status-publish","format-standard","has-post-thumbnail","hentry","category-fil-dactualite","category-25","category-slider-afficher","category-slider-general"],"_links":{"self":[{"href":"https:\/\/ami.mr\/fr\/wp-json\/wp\/v2\/posts\/261818","targetHints":{"allow":["GET"]}}],"collection":[{"href":"https:\/\/ami.mr\/fr\/wp-json\/wp\/v2\/posts"}],"about":[{"href":"https:\/\/ami.mr\/fr\/wp-json\/wp\/v2\/types\/post"}],"author":[{"embeddable":true,"href":"https:\/\/ami.mr\/fr\/wp-json\/wp\/v2\/users\/8"}],"replies":[{"embeddable":true,"href":"https:\/\/ami.mr\/fr\/wp-json\/wp\/v2\/comments?post=261818"}],"version-history":[{"count":1,"href":"https:\/\/ami.mr\/fr\/wp-json\/wp\/v2\/posts\/261818\/revisions"}],"predecessor-version":[{"id":261820,"href":"https:\/\/ami.mr\/fr\/wp-json\/wp\/v2\/posts\/261818\/revisions\/261820"}],"wp:featuredmedia":[{"embeddable":true,"href":"https:\/\/ami.mr\/fr\/wp-json\/wp\/v2\/media\/261819"}],"wp:attachment":[{"href":"https:\/\/ami.mr\/fr\/wp-json\/wp\/v2\/media?parent=261818"}],"wp:term":[{"taxonomy":"category","embeddable":true,"href":"https:\/\/ami.mr\/fr\/wp-json\/wp\/v2\/categories?post=261818"},{"taxonomy":"post_tag","embeddable":true,"href":"https:\/\/ami.mr\/fr\/wp-json\/wp\/v2\/tags?post=261818"}],"curies":[{"name":"wp","href":"https:\/\/api.w.org\/{rel}","templated":true}]}}