{"id":261373,"date":"2024-12-18T21:06:36","date_gmt":"2024-12-18T21:06:36","guid":{"rendered":"https:\/\/ami.mr\/fr\/?p=261373"},"modified":"2024-12-18T21:06:36","modified_gmt":"2024-12-18T21:06:36","slug":"le-commissaire-aux-droits-de-lhomme-appelle-a-accelerer-la-mise-en-oeuvre-de-la-strategie-nationale-de-promotion-et-de-protection-des-droits-de-lhomme","status":"publish","type":"post","link":"https:\/\/ami.mr\/fr\/archives\/261373","title":{"rendered":"Le Commissaire aux droits de l&#8217;homme appelle \u00e0 acc\u00e9l\u00e9rer la mise en \u0153uvre de la strat\u00e9gie nationale de promotion et de protection des droits de l&#8217;homme"},"content":{"rendered":"<div class=\"cell auto-size\">\n<div class=\"set-border bd-gray padding10 margin10 no-margin-right no-margin-left \" dir=\"ltr\">\n<p>Le Commissaire aux Droits de l&#8217;Homme, \u00e0 l&#8217;Action humanitaire et aux Relations avec la Soci\u00e9t\u00e9 civile, M. Sid Ahmed Ould Bennane, a pr\u00e9sid\u00e9 mercredi, au si\u00e8ge du Commissariat \u00e0 Nouakchott, la premi\u00e8re r\u00e9union du Comit\u00e9 technique charg\u00e9 de la Coordination et du Suivi de la Strat\u00e9gie nationale de Promotion et de Protection des Droits de l&#8217;Homme (SNPPDH).<\/p>\n<p>La r\u00e9union a \u00e9t\u00e9 consacr\u00e9e \u00e0 la d\u00e9finition des r\u00e8gles de base et des lignes directrices pour le fonctionnement du comit\u00e9 et \u00e0 l&#8217;identification des moyens les plus efficaces pour s&#8217;acquitter de ses responsabilit\u00e9s.<\/p>\n<p>Dans son discours d\u2019ouverture, le Commissaire a souhait\u00e9 la bienvenue aux membres du Comit\u00e9, en attirant leur attention sur l&#8217;ampleur de la responsabilit\u00e9 qui leur est confi\u00e9e, \u00e0 savoir le suivi, dans les d\u00e9lais impartis, de la mise en \u0153uvre de la Strat\u00e9gie nationale de Promotion et de Protection des Droits de l&#8217;Homme (2024-2028), qui constitue l&#8217;un des engagements les plus importants de Son Excellence le Pr\u00e9sident de la R\u00e9publique, Monsieur Mohamed Ould Cheikh El-Ghazouani, inscrit dans son programme \u00ab Mon ambition pour la Nation \u00bb.<\/p>\n<p>Il a insist\u00e9 sur la n\u00e9cessit\u00e9 pour les membres du comit\u00e9 d&#8217;assurer le suivi de la mise en \u0153uvre des activit\u00e9s pr\u00e9vues dans le plan op\u00e9rationnel de la strat\u00e9gie relative \u00e0 leurs secteurs, en leur rappelant l&#8217;importance de les alerter sur les insuffisances qu&#8217;ils constatent. Il les a charg\u00e9s de prendre les mesures n\u00e9cessaires pour acc\u00e9l\u00e9rer la mise en \u0153uvre des activit\u00e9s approuv\u00e9es dans le plan d&#8217;action, afin de respecter les d\u00e9lais fix\u00e9s et d&#8217;assurer un suivi efficace.<\/p>\n<p>Pour sa part, le Directeur des Droits de l&#8217;Homme, secr\u00e9taire du Comit\u00e9, M. Sidi Mohamed Ould Limam, a pr\u00e9sent\u00e9 deux expos\u00e9s d\u00e9taill\u00e9s, l&#8217;un sur la strat\u00e9gie et le plan d&#8217;action pour sa mise en \u0153uvre, et l&#8217;autre sur le projet de plateforme digitale d\u00e9di\u00e9e aux droits de l&#8217;homme.<\/p>\n<\/div>\n<\/div>\n","protected":false},"excerpt":{"rendered":"<p>Le Commissaire aux Droits de l&#8217;Homme, \u00e0 l&#8217;Action humanitaire et aux Relations avec la Soci\u00e9t\u00e9 civile, M. Sid Ahmed Ould Bennane, a pr\u00e9sid\u00e9 mercredi, au si\u00e8ge du Commissariat \u00e0 Nouakchott, la premi\u00e8re r\u00e9union du Comit\u00e9 technique charg\u00e9 de la Coordination et du Suivi de la Strat\u00e9gie nationale de Promotion et de Protection des Droits de [&hellip;]<\/p>\n","protected":false},"author":5,"featured_media":261374,"comment_status":"open","ping_status":"open","sticky":false,"template":"","format":"standard","meta":{"footnotes":""},"categories":[63920,63957,63959,63927],"tags":[],"class_list":["post-261373","post","type-post","status-publish","format-standard","has-post-thumbnail","hentry","category-a-la-une","category-fil-dactualite","category-mauritanie","category-slider-mauritanie"],"_links":{"self":[{"href":"https:\/\/ami.mr\/fr\/wp-json\/wp\/v2\/posts\/261373","targetHints":{"allow":["GET"]}}],"collection":[{"href":"https:\/\/ami.mr\/fr\/wp-json\/wp\/v2\/posts"}],"about":[{"href":"https:\/\/ami.mr\/fr\/wp-json\/wp\/v2\/types\/post"}],"author":[{"embeddable":true,"href":"https:\/\/ami.mr\/fr\/wp-json\/wp\/v2\/users\/5"}],"replies":[{"embeddable":true,"href":"https:\/\/ami.mr\/fr\/wp-json\/wp\/v2\/comments?post=261373"}],"version-history":[{"count":1,"href":"https:\/\/ami.mr\/fr\/wp-json\/wp\/v2\/posts\/261373\/revisions"}],"predecessor-version":[{"id":261375,"href":"https:\/\/ami.mr\/fr\/wp-json\/wp\/v2\/posts\/261373\/revisions\/261375"}],"wp:featuredmedia":[{"embeddable":true,"href":"https:\/\/ami.mr\/fr\/wp-json\/wp\/v2\/media\/261374"}],"wp:attachment":[{"href":"https:\/\/ami.mr\/fr\/wp-json\/wp\/v2\/media?parent=261373"}],"wp:term":[{"taxonomy":"category","embeddable":true,"href":"https:\/\/ami.mr\/fr\/wp-json\/wp\/v2\/categories?post=261373"},{"taxonomy":"post_tag","embeddable":true,"href":"https:\/\/ami.mr\/fr\/wp-json\/wp\/v2\/tags?post=261373"}],"curies":[{"name":"wp","href":"https:\/\/api.w.org\/{rel}","templated":true}]}}