{"id":261359,"date":"2024-12-18T20:59:10","date_gmt":"2024-12-18T20:59:10","guid":{"rendered":"https:\/\/ami.mr\/fr\/?p=261359"},"modified":"2024-12-18T23:15:41","modified_gmt":"2024-12-18T23:15:41","slug":"commemoration-du-39eme-anniversaire-de-la-journee-nationale-de-la-police-arabe-dans-les-wilayas-interieures","status":"publish","type":"post","link":"https:\/\/ami.mr\/fr\/archives\/261359","title":{"rendered":"Comm\u00e9moration du 39\u00e8me anniversaire de la journ\u00e9e nationale de la police arabe dans les wilayas int\u00e9rieures"},"content":{"rendered":"<p>Le 39\u00e8me anniversaire de la journ\u00e9e nationale de la police, qui co\u00efncide avec la c\u00e9l\u00e9bration de la journ\u00e9e de la police arabe, a \u00e9t\u00e9 comm\u00e9mor\u00e9 mercredi dans les wilayas de l&#8217;int\u00e9rieur.<\/p>\n<p><img decoding=\"async\" class=\"size-full wp-image-261361 alignleft\" src=\"https:\/\/ami.mr\/fr\/wp-content\/uploads\/2024\/12\/\u0627\u062b\u0646\u064a\u0646.jpg\" alt=\"\" width=\"300\" height=\"200\" \/>Dans la wilaya de l&#8217;Inchiri, le wali, m. Idriss Demba Kor\u00e9ra, a supervis\u00e9, au si\u00e8ge de la direction r\u00e9gionale de la s\u00fbret\u00e9 nationale dans la ville d&#8217;Akjoujt, le lancement des manifestations comm\u00e9moratives.<\/p>\n<p>Dans une allocution prononc\u00e9e \u00e0 cette occasion, le directeur r\u00e9gional de la s\u00fbret\u00e9 nationale, le commissaire principal Nine Ould Mohamed Khatri, a indiqu\u00e9 que cette manifestation constitue une occasion pour passer en revue les r\u00e9alisations et les acquis qui ont contribu\u00e9 \u00e0 la concr\u00e9tisation des lourdes responsabilit\u00e9s confi\u00e9es au secteur de la police et permis de mettre \u00e0 niveau les capacit\u00e9s de son personnel et de le doter des technologies modernes pour lui faciliter les t\u00e2ches qui lui sont confi\u00e9es.<\/p>\n<p>Il a pass\u00e9 en revue les r\u00e9sultats obtenus au cours des derni\u00e8res ann\u00e9es, notamment dans les domaines de la lutte contre l&#8217;immigration clandestine et de la lutte contre la criminalit\u00e9 organis\u00e9e.<\/p>\n<p><img decoding=\"async\" class=\"size-full wp-image-261362 alignleft\" src=\"https:\/\/ami.mr\/fr\/wp-content\/uploads\/2024\/12\/\u0627\u062b\u0644\u0627\u062b.jpg\" alt=\"\" width=\"225\" height=\"300\" \/>Au Gorgol, , le wali, M. Ahmedna Ould Sidebe a supervis\u00e9 le lancement des manifestations comm\u00e9moratives au si\u00e8ge de la direction r\u00e9gionale de la s\u00fbret\u00e9 nationale \u00e0 Ka\u00e9di.<\/p>\n<p>Il a pass\u00e9 en revue les r\u00e9alisations et les acquis qui ont contribu\u00e9 \u00e0 la concr\u00e9tisation des lourdes responsabilit\u00e9s confi\u00e9es au secteur de la police, ce qui leur a permis de mettre \u00e0 niveau leurs capacit\u00e9s et de les doter de technologies modernes pour faciliter les t\u00e2ches qui leur sont assign\u00e9es.<\/p>\n<p>Dans la wilaya du Tagant, le wali, M. Teyeb Ould Mohamed Mahmoud, a pr\u00e9sid\u00e9 les manifestations organis\u00e9es au si\u00e8ge de la Direction R\u00e9gionale de la S\u00fbret\u00e9 Nationale dans la ville de Tidjikja pour comm\u00e9morer cet anniversaire.<\/p>\n<p>L&#8217;\u00e9v\u00e9nement a \u00e9t\u00e9 marqu\u00e9 par la lev\u00e9e du drapeau national au son de l&#8217;hymne national, le d\u00e9fil\u00e9 des unit\u00e9s de police et l&#8217;hommage rendu \u00e0 certains officiers, sous-officiers et adjoints qui ont rendu d&#8217;\u00e9minents services dans l&#8217;exercice de leurs fonctions.<\/p>\n<p>Le directeur r\u00e9gional de la s\u00fbret\u00e9 nationale, le commissaire principal Brahim Ould Moulay Rchid, a not\u00e9 que cet anniversaire est une occasion pour la police de renouveler son engagement \u00e0 prot\u00e9ger la patrie et les citoyens avec d\u00e9vouement, saluant les efforts d\u00e9ploy\u00e9s par les membres de son secteur afin de maintenir la s\u00e9curit\u00e9 et la stabilit\u00e9.<\/p>\n<p>Au Hodh El Gharbi, la f\u00eate de la police nationale a \u00e9t\u00e9 supervis\u00e9e par le wali, M. Ahmeda Mamadou Kelly au si\u00e8ge de la direction r\u00e9gionale de la s\u00fbret\u00e9 nationale <img decoding=\"async\" class=\"size-full wp-image-261363 alignleft\" src=\"https:\/\/ami.mr\/fr\/wp-content\/uploads\/2024\/12\/\u0627\u0631\u0628\u0639\u0629.jpg\" alt=\"\" width=\"300\" height=\"200\" \/>\u00e0 Aioun, qui ont d\u00e9but\u00e9 par la lev\u00e9e du drapeau national au son de la musique militaire.<\/p>\n<p>Le Wali, accompagn\u00e9 du directeur r\u00e9gional de la s\u00fbret\u00e9, le commissaire principal Yacoub Sidi Chenane, a pass\u00e9 en revue les formations de la police nationale qui leur ont rendu les honneurs.<\/p>\n<p>Dans une allocution prononc\u00e9e \u00e0 cette occasion, le directeur r\u00e9gional de la s\u00fbret\u00e9 nationale a indiqu\u00e9 que cette f\u00eate constitue une v\u00e9ritable opportunit\u00e9 pour la police nationale de renouveler son engagement \u00e0 prot\u00e9ger la patrie et les citoyens avec sinc\u00e9rit\u00e9 et d\u00e9vouement, remerciant tous les policiers, sous-officiers et agents pour leurs efforts consid\u00e9rables, qui sont \u00e0 la base de la s\u00e9curit\u00e9 et de la stabilit\u00e9 dans ce cher pays.<\/p>\n<p>Dans la wilaya de Dakhlet-Nouadhibou, le wali, M. Mahi Ould Hamed a pr\u00e9sid\u00e9 une c\u00e9r\u00e9monie dans les locaux de la Direction R\u00e9gionale de la S\u00fbret\u00e9 Nationale \u00e0 Nouadhibou \u00e0 l&#8217;occasion du 39\u00e8me anniversaire de la Journ\u00e9e Nationale de la Police.<\/p>\n<p><img decoding=\"async\" class=\"size-full wp-image-261364 alignnone\" src=\"https:\/\/ami.mr\/fr\/wp-content\/uploads\/2024\/12\/\u062e\u0645\u0633\u0629.jpg\" alt=\"\" width=\"300\" height=\"200\" \/>Dans une allocution prononc\u00e9e \u00e0 cette occasion, le directeur r\u00e9gional de la s\u00fbret\u00e9 nationale, commissaire divisionnaire, Mohamedou Kaber Sidi, a soulign\u00e9 que le secteur de la police nationale a connu de nombreuses r\u00e9alisations au cours de l&#8217;ann\u00e9e en cours, notamment la r\u00e9vision de la loi fondamentale de la police, l&#8217;int\u00e9gration de l&#8217;agence de la s\u00e9curit\u00e9 routi\u00e8re, la formation, le renforcement de la lutte contre la migration irr\u00e9guli\u00e8re et la construction d&#8217;infrastructures.<\/p>\n<p><img decoding=\"async\" class=\"size-full wp-image-261366 alignleft\" src=\"https:\/\/ami.mr\/fr\/wp-content\/uploads\/2024\/12\/\u0633\u0628\u0639\u0629.jpg\" alt=\"\" width=\"300\" height=\"200\" \/>Il a indiqu\u00e9 que ces r\u00e9alisations sont le fruit des efforts des membres de la Police Nationale, soulignant qu&#8217;ils continueront \u00e0 atteindre leurs objectifs dans un esprit d&#8217;\u00e9quipe car ils sont s\u00fbrs que l&#8217;avenir leur r\u00e9serve plus de d\u00e9veloppement et de succ\u00e8s.<\/p>\n<p>Dans la wilaya du Trarza, le wali, M. Mohamed Ould Ahmed Mouloud, a pr\u00e9sid\u00e9 la comm\u00e9moration du 39e anniversaire de la Journ\u00e9e de la police au niveau de la wilaya.<\/p>\n<p>Le directeur r\u00e9gional de la s\u00e9curit\u00e9, le commissaire principal Abdelfattah Ould Habab, a d\u00e9clar\u00e9, dans un discours prononc\u00e9 \u00e0 cette occasion, que cette f\u00eate est une occasion pour la police nationale de renouveler son engagement \u00e0 prot\u00e9ger la patrie et les citoyens avec d\u00e9vouement.<\/p>\n<p>Il a adress\u00e9 ses sinc\u00e8res f\u00e9licitations \u00e0 tous les officiers, sous-officiers et agents de la police nationale pour leurs efforts consid\u00e9rables, qui sont \u00e0 la base de la s\u00e9curit\u00e9 et de la stabilit\u00e9 dans ce cher pays.<\/p>\n<p><img decoding=\"async\" class=\"size-full wp-image-261367 alignleft\" src=\"https:\/\/ami.mr\/fr\/wp-content\/uploads\/2024\/12\/\u062b\u0645\u0627\u0646\u064a\u0629.jpg\" alt=\"\" width=\"300\" height=\"200\" \/>Dans la wilaya de l&#8217;Assaba, c&#8217;est le wali mou\u00e7aid, M. Ba Ali Abderrahman, et le Directeur R\u00e9gional de la S\u00fbret\u00e9 Nationale par int\u00e9rim, l&#8217;Inspecteur en Chef Ismail Ould Mohamedou, qui ont supervis\u00e9 le lancement des \u00e9v\u00e9nements comm\u00e9morant le 39\u00e8me anniversaire de la Journ\u00e9e de la Police Nationale \u00e0 Kiffa.<\/p>\n<p>Dans une allocution prononc\u00e9e \u00e0 cette occasion, le Directeur R\u00e9gional de la S\u00fbret\u00e9 de la wilaya de l&#8217;Assaba par int\u00e9rim a expliqu\u00e9 que c&#8217;est l&#8217;occasion de renouveler l&#8217;engagement de prot\u00e9ger les citoyens et les administr\u00e9s avec toute la sinc\u00e9rit\u00e9 et le d\u00e9vouement requis, exprimant ses sinc\u00e8res f\u00e9licitations \u00e0 tous les membres de la Police Nationale, officiers, sous-officiers et agents pour leurs grands efforts, qui sont \u00e0 la base de la s\u00e9curit\u00e9 et de la stabilit\u00e9 dans ce cher pays.<\/p>\n<p>Au Tiris Zemmour, le wali mou\u00e7aid, M. Mohamed Abdallahi Ould Mohamed Abderrahmane, et le Directeur R\u00e9gional de la S\u00fbret\u00e9 Nationale, le Commissaire Principal Ahmed Ould Moussa, ont supervis\u00e9 les manifestations marquant le 39\u00e8me anniversaire de la Journ\u00e9e Nationale de la Police \u00e0 la Direction R\u00e9gionale.<\/p>\n<p><img decoding=\"async\" class=\"size-full wp-image-261368 alignleft\" src=\"https:\/\/ami.mr\/fr\/wp-content\/uploads\/2024\/12\/\u062a\u0633\u0639\u0629.jpg\" alt=\"\" width=\"300\" height=\"200\" \/>Dans une allocution prononc\u00e9e \u00e0 cette occasion, le directeur r\u00e9gional de la s\u00fbret\u00e9 a pass\u00e9 en revue les r\u00e9alisations accomplies au cours des derni\u00e8res ann\u00e9es au profit du secteur de la police nationale, notamment le d\u00e9veloppement des capacit\u00e9s, l&#8217;activation du bureau central de commandement, de contr\u00f4le et de ma\u00eetrise pour r\u00e9pondre rapidement aux appels gr\u00e2ce \u00e0 un syst\u00e8me de communication efficace, l&#8217;utilisation de cam\u00e9ras de surveillance au service des op\u00e9rations de recherche et d&#8217;investigation, et d&#8217;autres mesures importantes qui ont profit\u00e9 au secteur.<\/p>\n<p>Dans la wilaya du Hodh El Chargui,, le wali mou\u00e7aid, wali par int\u00e9rim, M. Abderrahmane Ahmed Daddah, accompagn\u00e9 du Directeur R\u00e9gional de la S\u00fbret\u00e9 Nationale, le Commissaire divisionnaire, Chriv Ahmed Ould Chriv Mohamed, a supervis\u00e9 la comm\u00e9moration de cette f\u00eate dans les locaux de la Direction R\u00e9gionale de la S\u00fbret\u00e9 dans la ville \u00e0 N\u00e9ma.<\/p>\n<p>L&#8217;\u00e9v\u00e9nement a \u00e9t\u00e9 marqu\u00e9 par la lev\u00e9e du drapeau national au son de l&#8217;hymne national, avant que le wali mou\u00e7aid, l&#8217;adjoint au commandant de la 5\u00e8me r\u00e9gion militaire, le colonel Ahmedou Ely El Kowry, et le directeur r\u00e9gional de la suret\u00e9, ne passent en revue un d\u00e9fil\u00e9 des unit\u00e9s de la police nationale.<\/p>\n<p><img decoding=\"async\" class=\"size-full wp-image-261369 alignleft\" src=\"https:\/\/ami.mr\/fr\/wp-content\/uploads\/2024\/12\/\u0639\u0634\u0631\u0629.jpg\" alt=\"\" width=\"300\" height=\"200\" \/>Dans un discours prononc\u00e9 \u00e0 cette occasion, le directeur r\u00e9gional de la s\u00fbret\u00e9 nationale a soulign\u00e9 que le secteur de la police a connu des am\u00e9liorations significatives en mati\u00e8re de ressources humaines et de capacit\u00e9s organisationnelles qui ont permis au secteur d&#8217;accro\u00eetre ses capacit\u00e9s en termes d&#8217;organisation, de structure et de m\u00e9thodes de travail, en promouvant la transparence et l&#8217;\u00e9galit\u00e9 des chances et des droits.<\/p>\n<p>Dans la wilaya du Brakna, la Direction R\u00e9gionale de la S\u00fbret\u00e9 Nationale a comm\u00e9mor\u00e9, mercredi, la Journ\u00e9e Nationale de la Police et la Journ\u00e9e de la Police Arabe, sous la supervision du Wali du Brakna, M. Mohamed Ould Saleck.<\/p>\n<p>A cette occasion, le directeur r\u00e9gional de la s\u00fbret\u00e9, le commissaire Ahmed Ould Meimoun, a \u00e9voqu\u00e9 les r\u00e9alisations du secteur de la police nationale et a remerci\u00e9 tous les membres de la police nationale, officiers, sous-officiers et agents pour les grands efforts qu&#8217;ils d\u00e9ploient pour la s\u00e9curit\u00e9 du pays et des citoyens.<\/p>\n<p><img decoding=\"async\" class=\"size-full wp-image-261370 alignleft\" src=\"https:\/\/ami.mr\/fr\/wp-content\/uploads\/2024\/12\/\u0627\u062d\u062f-\u0639\u0634\u0631.jpg\" alt=\"\" width=\"300\" height=\"200\" \/>Au Guidimagha, le wali, M. Ahmed Ould Mohamed Mahmoud Ould Deh, a supervis\u00e9, mercredi, les activit\u00e9s comm\u00e9moratives du 39\u00e8me anniversaire de la journ\u00e9e nationale de la police et de la journ\u00e9e de la police arabe.<\/p>\n<p>Le Wali et le directeur r\u00e9gional de la s\u00e9curit\u00e9, le commissaire Omar Ould Youssef, ont suivi un d\u00e9fil\u00e9 des formations de police qui leur ont rendu les honneurs, pour, ensuite, voir hiss\u00e9 le drapeau au son de l&#8217;hymne national et rendre hommage \u00e0 certains officiers et personnels de police dans la wilaya.<\/p>\n<p>Le directeur r\u00e9gional de la s\u00fbret\u00e9 a expliqu\u00e9 que la c\u00e9l\u00e9bration de la journ\u00e9e de la police est une occasion pour renouveler l&#8217;engagement de prot\u00e9ger les citoyens avec d\u00e9vouement et sinc\u00e9rit\u00e9, adressant ses sinc\u00e8res f\u00e9licitations \u00e0 tous les membres de la police nationale, officiers, sous-officiers et agents pour les grands efforts d\u00e9ploy\u00e9s pour assurer la s\u00e9curit\u00e9 et de la stabilit\u00e9.<\/p>\n<p>A noter que dans l&#8217;ensemble des wilayas, la comm\u00e9moration de la Journ\u00e9e nationale de la police et de la journ\u00e9e de la police arabe s&#8217;est d\u00e9roul\u00e9e en <img decoding=\"async\" class=\"size-full wp-image-261371 alignleft\" src=\"https:\/\/ami.mr\/fr\/wp-content\/uploads\/2024\/12\/\u0627\u062b\u0646\u0649-\u0639\u0634\u0631.jpg\" alt=\"\" width=\"300\" height=\"200\" \/>pr\u00e9sence des autorit\u00e9s administratives, judiciaires et s\u00e9curitaires dans les wilays.<\/p>\n","protected":false},"excerpt":{"rendered":"<p>Le 39\u00e8me anniversaire de la journ\u00e9e nationale de la police, qui co\u00efncide avec la c\u00e9l\u00e9bration de la journ\u00e9e de la police arabe, a \u00e9t\u00e9 comm\u00e9mor\u00e9 mercredi dans les wilayas de l&#8217;int\u00e9rieur. Dans la wilaya de l&#8217;Inchiri, le wali, m. Idriss Demba Kor\u00e9ra, a supervis\u00e9, au si\u00e8ge de la direction r\u00e9gionale de la s\u00fbret\u00e9 nationale dans [&hellip;]<\/p>\n","protected":false},"author":5,"featured_media":261360,"comment_status":"open","ping_status":"open","sticky":false,"template":"","format":"standard","meta":{"footnotes":""},"categories":[63918,63957,63923,8672],"tags":[],"class_list":["post-261359","post","type-post","status-publish","format-standard","has-post-thumbnail","hentry","category-autres","category-fil-dactualite","category-slider-wilayas","category-8672"],"_links":{"self":[{"href":"https:\/\/ami.mr\/fr\/wp-json\/wp\/v2\/posts\/261359","targetHints":{"allow":["GET"]}}],"collection":[{"href":"https:\/\/ami.mr\/fr\/wp-json\/wp\/v2\/posts"}],"about":[{"href":"https:\/\/ami.mr\/fr\/wp-json\/wp\/v2\/types\/post"}],"author":[{"embeddable":true,"href":"https:\/\/ami.mr\/fr\/wp-json\/wp\/v2\/users\/5"}],"replies":[{"embeddable":true,"href":"https:\/\/ami.mr\/fr\/wp-json\/wp\/v2\/comments?post=261359"}],"version-history":[{"count":1,"href":"https:\/\/ami.mr\/fr\/wp-json\/wp\/v2\/posts\/261359\/revisions"}],"predecessor-version":[{"id":261372,"href":"https:\/\/ami.mr\/fr\/wp-json\/wp\/v2\/posts\/261359\/revisions\/261372"}],"wp:featuredmedia":[{"embeddable":true,"href":"https:\/\/ami.mr\/fr\/wp-json\/wp\/v2\/media\/261360"}],"wp:attachment":[{"href":"https:\/\/ami.mr\/fr\/wp-json\/wp\/v2\/media?parent=261359"}],"wp:term":[{"taxonomy":"category","embeddable":true,"href":"https:\/\/ami.mr\/fr\/wp-json\/wp\/v2\/categories?post=261359"},{"taxonomy":"post_tag","embeddable":true,"href":"https:\/\/ami.mr\/fr\/wp-json\/wp\/v2\/tags?post=261359"}],"curies":[{"name":"wp","href":"https:\/\/api.w.org\/{rel}","templated":true}]}}