{"id":261088,"date":"2024-12-15T14:27:13","date_gmt":"2024-12-15T14:27:13","guid":{"rendered":"https:\/\/ami.mr\/fr\/?p=261088"},"modified":"2024-12-15T14:27:13","modified_gmt":"2024-12-15T14:27:13","slug":"atelier-de-sensibilisation-a-lintegration-des-mecanismes-de-conservation-environnementale-et-sociale-dans-le-cadre-du-projet-padisam","status":"publish","type":"post","link":"https:\/\/ami.mr\/fr\/archives\/261088","title":{"rendered":"Atelier de sensibilisation \u00e0 l&#8217;int\u00e9gration des m\u00e9canismes de conservation environnementale et sociale dans le cadre du projet PADISAM"},"content":{"rendered":"<p>Le wali adjoint du Brakna, M. Mohamed Abdelvettah Ould Ahmed, accompagn\u00e9 du hakem de la moughataa d&#8217;Aleg, M. Abdelkader Ould Tiyeb Ould Cherfa, a supervis\u00e9 dimanche \u00e0 Aleg le lancement d&#8217;un atelier de sensibilisation sur la diffusion des m\u00e9canismes de conservation environnementale et sociale du projet PADISAM (Projet d&#8217;Appui au D\u00e9veloppement et d&#8217;Innovation du Secteur Agricole en Mauritanie (PADISAM)).<\/p>\n<p>L&#8217;atelier de deux jours vise \u00e0 sensibiliser les partenaires, les autorit\u00e9s administratives locales, les d\u00e9l\u00e9gations r\u00e9gionales et les chefs de services techniques sur l&#8217;importance des m\u00e9canismes de conservation environnementale et sociale pour contribuer \u00e0 assurer la mise en \u0153uvre des projets financ\u00e9s par la Banque mondiale.<\/p>\n<p>Lors de son allocution \u00e0 l&#8217;ouverture de l&#8217;atelier, le wali adjoint a soulign\u00e9 que cet atelier technique contribuera \u00e0 renforcer et \u00e0 am\u00e9liorer les capacit\u00e9s des participants, ce qui leur permettra de disposer des outils n\u00e9cessaires pour le suivi et \u00e0 l&#8217;\u00e9valuation des r\u00e9alisations des projets sur le terrain.<\/p>\n<p>Il a soulign\u00e9 que le d\u00e9partement de l&#8217;agriculture et de la souverainet\u00e9 alimentaire accorde une importance primordiale aux agriculteurs conform\u00e9ment au programme d\u2019action du gouvernement.<\/p>\n<p>Pour sa part, l&#8217;adjointe au maire d&#8217;Aleg, Khadijetou Mint El Dhavi, s&#8217;est f\u00e9licit\u00e9e de l&#8217;organisation de cet atelier, soulignant que le Brakna est une wilaya agricole, ce qui conf\u00e8re \u00e0 ce projet une grande importance.<\/p>\n<p>Pour sa part, le coordinateur du projet au niveau du Brakna, M. Babah Ould Badi, a soulign\u00e9 que cet atelier vient pour parler de ce projet, qui intervient dans la wilaya au niveau des moughataas de Mal et Maghtalahjar, en plus de son autre composante, \u00e0 savoir les cultures agricoles dans les zones de la vall\u00e9\u00e9.<\/p>\n<p>L\u2019ouverture de l&#8217;atelier s\u2019est d\u00e9roul\u00e9e en pr\u00e9sence du d\u00e9l\u00e9gu\u00e9 r\u00e9gional du minist\u00e8re de l&#8217;Agriculture et de la Souverainet\u00e9 alimentaire, M. Momma Ould Bouboutt.<\/p>\n","protected":false},"excerpt":{"rendered":"<p>Le wali adjoint du Brakna, M. Mohamed Abdelvettah Ould Ahmed, accompagn\u00e9 du hakem de la moughataa d&#8217;Aleg, M. Abdelkader Ould Tiyeb Ould Cherfa, a supervis\u00e9 dimanche \u00e0 Aleg le lancement d&#8217;un atelier de sensibilisation sur la diffusion des m\u00e9canismes de conservation environnementale et sociale du projet PADISAM (Projet d&#8217;Appui au D\u00e9veloppement et d&#8217;Innovation du Secteur [&hellip;]<\/p>\n","protected":false},"author":16,"featured_media":261089,"comment_status":"open","ping_status":"open","sticky":false,"template":"","format":"standard","meta":{"footnotes":""},"categories":[63918,63957,8672],"tags":[],"class_list":["post-261088","post","type-post","status-publish","format-standard","has-post-thumbnail","hentry","category-autres","category-fil-dactualite","category-8672"],"_links":{"self":[{"href":"https:\/\/ami.mr\/fr\/wp-json\/wp\/v2\/posts\/261088","targetHints":{"allow":["GET"]}}],"collection":[{"href":"https:\/\/ami.mr\/fr\/wp-json\/wp\/v2\/posts"}],"about":[{"href":"https:\/\/ami.mr\/fr\/wp-json\/wp\/v2\/types\/post"}],"author":[{"embeddable":true,"href":"https:\/\/ami.mr\/fr\/wp-json\/wp\/v2\/users\/16"}],"replies":[{"embeddable":true,"href":"https:\/\/ami.mr\/fr\/wp-json\/wp\/v2\/comments?post=261088"}],"version-history":[{"count":1,"href":"https:\/\/ami.mr\/fr\/wp-json\/wp\/v2\/posts\/261088\/revisions"}],"predecessor-version":[{"id":261090,"href":"https:\/\/ami.mr\/fr\/wp-json\/wp\/v2\/posts\/261088\/revisions\/261090"}],"wp:featuredmedia":[{"embeddable":true,"href":"https:\/\/ami.mr\/fr\/wp-json\/wp\/v2\/media\/261089"}],"wp:attachment":[{"href":"https:\/\/ami.mr\/fr\/wp-json\/wp\/v2\/media?parent=261088"}],"wp:term":[{"taxonomy":"category","embeddable":true,"href":"https:\/\/ami.mr\/fr\/wp-json\/wp\/v2\/categories?post=261088"},{"taxonomy":"post_tag","embeddable":true,"href":"https:\/\/ami.mr\/fr\/wp-json\/wp\/v2\/tags?post=261088"}],"curies":[{"name":"wp","href":"https:\/\/api.w.org\/{rel}","templated":true}]}}